{"id":76588,"date":"2024-09-27T08:43:19","date_gmt":"2024-09-27T14:43:19","guid":{"rendered":"https:\/\/bambapolitica.com.mx\/?p=76588"},"modified":"2024-09-27T08:43:24","modified_gmt":"2024-09-27T14:43:24","slug":"torre-veracruzana-que-el-gobernador-presumio-como-del-orgullo-presenta-goteras-y-fallas-a-menos-de-un-ano-de-haber-sido-inaugurada","status":"publish","type":"post","link":"https:\/\/bambapolitica.com.mx\/index.php\/2024\/09\/27\/torre-veracruzana-que-el-gobernador-presumio-como-del-orgullo-presenta-goteras-y-fallas-a-menos-de-un-ano-de-haber-sido-inaugurada\/","title":{"rendered":"Torre Veracruzana que el gobernador presumi\u00f3 como &#8216;del orgullo&#8217; presenta goteras y fallas, a menos de un a\u00f1o de haber sido inaugurada"},"content":{"rendered":"\n<p>27 de Septiembre 2024<\/p>\n\n\n\n<p>\u00a0Aunque el presidente Andr\u00e9s Manuel L\u00f3pez Obrador y el gobernador Cuitl\u00e1huac Garc\u00eda Jim\u00e9nez no se han cansado de atacar a la Torre Centro, de Veracruz, a la que han acusado de ser un adefesio, la Cuatro T\u00e9 veracruzana tambi\u00e9n tiene su guardadito con la llamada Torre Orgullo Veracruzano. Y es que, si bien el gobernador la presumi\u00f3 como una magna obra construida en su administraci\u00f3n, que seg\u00fan \u00e9l, fue hecha con austeridad, honestidad y eficiencia, desde hace algunos meses los mismos trabajadores de la citada torre se quejaron de diversas irregularidades que el mandatario simplemente minimiz\u00f3 y calific\u00f3 como cr\u00edticas infundadas de la oposici\u00f3n y de los medios de comunicaci\u00f3n. Sin embargo, a pesar de que fue inaugurada apenas el pasado mes de febrero y tuvo una inversi\u00f3n de casi 150 millones de pesos, lo cierto es que los mismos empleados han denunciado que la Torre Orgullo Veracruzano presenta diversas fallas en su construcci\u00f3n, pues tiene filtraciones, por los escurrimientos de agua al interior del inmueble, lo que provoca que el agua genere unas pozas al pie de las escaleras. Los empleados que se han encargado de difundir las fallas en la construcci\u00f3n de ese edificio, tambi\u00e9n han evidenciado que el acceso a los ascensores es un riesgo, pues no est\u00e1n a la par del piso, incluso con desniveles que nada tienen que ver con la arquitectura del lugar. En algunos videos se observa c\u00f3mo est\u00e1 goteando al interior del edificio y hay escurrimientos que se van almacenando en la planta baja con una enorme poza de agua. Tal situaci\u00f3n se ha generado cuando apenas est\u00e1 por empezar la temporada de lluvias fuertes, pues hasta el momento en Xalapa no se han acentuado las precipitaciones. M\u00e1s a\u00fan, los trabajadores lamentaron que esto es un alto contraste, pues mientras existe un riesgo para los empleados la llamada Torre Orgullo Veracruzano es sede de las oficinas de la Secretar\u00eda de Protecci\u00f3n Civil, as\u00ed como de algunas \u00e1reas de la Secretar\u00eda de Educaci\u00f3n de Veracruz. As\u00ed las cosas, la torre que el gobernador presumi\u00f3 como la torre del orgullo, ya presenta goteras \u00a1a menos de un a\u00f1o de haber sido terminada y con una inversi\u00f3n millonaria. Vaya caso.<\/p>\n","protected":false},"excerpt":{"rendered":"<p>27 de Septiembre 2024 \u00a0Aunque el presidente Andr\u00e9s Manuel L\u00f3pez Obrador y el gobernador Cuitl\u00e1huac&#8230;<\/p>\n","protected":false},"author":3,"featured_media":76589,"comment_status":"closed","ping_status":"closed","sticky":false,"template":"","format":"standard","meta":{"footnotes":""},"categories":[4],"tags":[],"class_list":["post-76588","post","type-post","status-publish","format-standard","has-post-thumbnail","hentry","category-noticias-del-dia"],"_links":{"self":[{"href":"https:\/\/bambapolitica.com.mx\/index.php\/wp-json\/wp\/v2\/posts\/76588","targetHints":{"allow":["GET"]}}],"collection":[{"href":"https:\/\/bambapolitica.com.mx\/index.php\/wp-json\/wp\/v2\/posts"}],"about":[{"href":"https:\/\/bambapolitica.com.mx\/index.php\/wp-json\/wp\/v2\/types\/post"}],"author":[{"embeddable":true,"href":"https:\/\/bambapolitica.com.mx\/index.php\/wp-json\/wp\/v2\/users\/3"}],"replies":[{"embeddable":true,"href":"https:\/\/bambapolitica.com.mx\/index.php\/wp-json\/wp\/v2\/comments?post=76588"}],"version-history":[{"count":1,"href":"https:\/\/bambapolitica.com.mx\/index.php\/wp-json\/wp\/v2\/posts\/76588\/revisions"}],"predecessor-version":[{"id":76590,"href":"https:\/\/bambapolitica.com.mx\/index.php\/wp-json\/wp\/v2\/posts\/76588\/revisions\/76590"}],"wp:featuredmedia":[{"embeddable":true,"href":"https:\/\/bambapolitica.com.mx\/index.php\/wp-json\/wp\/v2\/media\/76589"}],"wp:attachment":[{"href":"https:\/\/bambapolitica.com.mx\/index.php\/wp-json\/wp\/v2\/media?parent=76588"}],"wp:term":[{"taxonomy":"category","embeddable":true,"href":"https:\/\/bambapolitica.com.mx\/index.php\/wp-json\/wp\/v2\/categories?post=76588"},{"taxonomy":"post_tag","embeddable":true,"href":"https:\/\/bambapolitica.com.mx\/index.php\/wp-json\/wp\/v2\/tags?post=76588"}],"curies":[{"name":"wp","href":"https:\/\/api.w.org\/{rel}","templated":true}]}}