{"id":76591,"date":"2024-09-27T08:45:21","date_gmt":"2024-09-27T14:45:21","guid":{"rendered":"https:\/\/bambapolitica.com.mx\/?p=76591"},"modified":"2024-09-27T08:45:25","modified_gmt":"2024-09-27T14:45:25","slug":"por-unanimidad-aprueban-reforma-que-reconoce-a-pueblos-y-comunidades-indigenas-como-sujetos-de-derecho-publico","status":"publish","type":"post","link":"https:\/\/bambapolitica.com.mx\/index.php\/2024\/09\/27\/por-unanimidad-aprueban-reforma-que-reconoce-a-pueblos-y-comunidades-indigenas-como-sujetos-de-derecho-publico\/","title":{"rendered":"Por unanimidad, aprueban Reforma que reconoce a pueblos y comunidades ind\u00edgenas como sujetos de derecho p\u00fablico."},"content":{"rendered":"\n<p>27 de Septiembre 2024<\/p>\n\n\n\n<p>\u00a0Para reconocer a los pueblos ind\u00edgenas y comunidades afromexicanas como sujetos de derecho p\u00fablico, otorg\u00e1ndoles personalidad jur\u00eddica y patrimonio propio, y establecer un marco legal para su protecci\u00f3n y participaci\u00f3n, el Congreso del Estado aprob\u00f3 por unanimidad la reforma al Art\u00edculo 2 de la Constituci\u00f3n Pol\u00edtica de los Estados Unidos Mexicanos, con 44 votos a favor. La reforma, discutida en una Sesi\u00f3n Extraordinaria, tambi\u00e9n asegura que las comunidades podr\u00e1n organizarse de manera aut\u00f3noma en los \u00e1mbitos social, econ\u00f3mico, pol\u00edtico y cultural. De igual forma, garantiza su participaci\u00f3n en consultas sobre temas que puedan afectarles, y protege su identidad, patrimonio cultural y propiedad intelectual. Las autoridades est\u00e1n ahora obligadas a promover el desarrollo comunitario y regional, asignar presupuestos espec\u00edficos y fortalecer la educaci\u00f3n ind\u00edgena, intercultural y pluriling\u00fce. Tambi\u00e9n deber\u00e1n implementar medidas que ofrezcan una perspectiva intercultural en el acceso a la salud y garantizar el derecho a la alimentaci\u00f3n de estas comunidades. Un componente de la reforma es la inclusi\u00f3n de las mujeres ind\u00edgenas, pues la ley les asegura condiciones de igualdad en el acceso a la educaci\u00f3n, la propiedad de la tierra y su participaci\u00f3n en procesos de toma de decisiones. Adem\u00e1s, se subraya la importancia de promover y respetar sus derechos humanos. Al respecto, la diputada Lidia Irma Mezhua Campos, del grupo legislativo de Morena, celebr\u00f3 la reforma al destacar que permitir\u00e1 a los pueblos ind\u00edgenas y afromexicanos recibir y ejecutar recursos presupuestales, lo que ayudar\u00e1 a reducir las desigualdades y los rezagos sociales que enfrentan. &#8220;Fueron d\u00e9cadas de olvido e indiferencia, en las que la mirada gubernamental no se centraba en la infinidad de carencias y problem\u00e1ticas. Se les trataba como si no fueran parte fundamental de nuestro pueblo&#8221;, refiri\u00f3 Mezhua. Por su parte, Itzel Yescas Valdivia del Partido Acci\u00f3n Nacional (PAN) destac\u00f3 que Veracruz ocupa el tercer lugar a nivel nacional en poblaci\u00f3n afrodescendiente, seg\u00fan datos del Instituto Nacional de Estad\u00edstica y Geograf\u00eda (INEGI). Tambi\u00e9n se\u00f1al\u00f3 que 46 de los 212 municipios del estado tienen mayor\u00eda ind\u00edgena, y en 25 de ellos se hablan lenguas ind\u00edgenas; &#8220;estamos haciendo justicia a m\u00e1s de 25 millones de mexicanas y mexicanos con esta deuda de igualdad que incluye a nuestro Estado&#8221;, subray\u00f3. Por su parte, la diputada Ruth Callejas Rold\u00e1n, del grupo legislativo mixto Por Amor a Veracruz Verde, mencion\u00f3 las cifras proporcionadas por la Encuesta Intercensal 2015, que indica que en M\u00e9xico existen m\u00e1s de 25 millones de personas ind\u00edgenas, de las cuales m\u00e1s de siete millones hablan alguna lengua ind\u00edgena. En Veracruz, se identifican 13 regiones ind\u00edgenas y comunidades afromexicanas distribuidas en m\u00e1s de dos mil localidades de 104 municipios. Callejas subray\u00f3 que se debe reconocer a estas comunidades como sujetos de derecho, y de fortalecer pr\u00e1cticas como la medicina tradicional. El diputado priista Marlon Ram\u00edrez Mar\u00edn, del grupo legislativo mixto Por un Veracruz de Resultados, calific\u00f3 la aprobaci\u00f3n de la reforma como un avance significativo en el reconocimiento de los derechos de las comunidades ind\u00edgenas y afrodescendientes. Record\u00f3 la importancia hist\u00f3rica de Veracruz como el estado donde se encuentra el municipio de Yanga, considerado el primer pueblo libre de Am\u00e9rica. &#8220;Nosotros votamos a favor para que finalmente se d\u00e9 un paso m\u00e1s, que no es, creo yo, el definitivo, que da la posibilidad a nuestros pueblos, a nuestras comunidades&#8221;, se\u00f1al\u00f3 Ram\u00edrez. A su vez, el legislador Jos\u00e9 Luis Tehuintle Xocua, del Partido del Trabajo (PT), destac\u00f3 que la reforma cuenta con amplia legitimidad social y pol\u00edtica. Se\u00f1al\u00f3 que su implementaci\u00f3n deber\u00e1 traducirse en pol\u00edticas p\u00fablicas que mejoren las condiciones de vida de las comunidades ind\u00edgenas y afromexicanas. &#8220;Hace falta legislar m\u00e1s a favor de esta noble causa, pues no queremos que quede en simple demagogia&#8221;, advirti\u00f3. Por \u00faltimo, el diputado Bonifacio Castillo Cruz, del Distrito VI de Papantla, subray\u00f3 la contribuci\u00f3n de las culturas originarias al desarrollo del pa\u00eds. &#8220;Es una deuda hist\u00f3rica de los pueblos prehisp\u00e1nicos de este M\u00e9xico nuestro, una deuda hist\u00f3rica de ese otro M\u00e9xico que vive como extra\u00f1o en su propia tierra, pueblos originarios atropellados, marginados y olvidados&#8221;, concluy\u00f3.<\/p>\n","protected":false},"excerpt":{"rendered":"<p>27 de Septiembre 2024 \u00a0Para reconocer a los pueblos ind\u00edgenas y comunidades afromexicanas como sujetos&#8230;<\/p>\n","protected":false},"author":3,"featured_media":76592,"comment_status":"closed","ping_status":"closed","sticky":false,"template":"","format":"standard","meta":{"footnotes":""},"categories":[4],"tags":[],"class_list":["post-76591","post","type-post","status-publish","format-standard","has-post-thumbnail","hentry","category-noticias-del-dia"],"_links":{"self":[{"href":"https:\/\/bambapolitica.com.mx\/index.php\/wp-json\/wp\/v2\/posts\/76591","targetHints":{"allow":["GET"]}}],"collection":[{"href":"https:\/\/bambapolitica.com.mx\/index.php\/wp-json\/wp\/v2\/posts"}],"about":[{"href":"https:\/\/bambapolitica.com.mx\/index.php\/wp-json\/wp\/v2\/types\/post"}],"author":[{"embeddable":true,"href":"https:\/\/bambapolitica.com.mx\/index.php\/wp-json\/wp\/v2\/users\/3"}],"replies":[{"embeddable":true,"href":"https:\/\/bambapolitica.com.mx\/index.php\/wp-json\/wp\/v2\/comments?post=76591"}],"version-history":[{"count":1,"href":"https:\/\/bambapolitica.com.mx\/index.php\/wp-json\/wp\/v2\/posts\/76591\/revisions"}],"predecessor-version":[{"id":76593,"href":"https:\/\/bambapolitica.com.mx\/index.php\/wp-json\/wp\/v2\/posts\/76591\/revisions\/76593"}],"wp:featuredmedia":[{"embeddable":true,"href":"https:\/\/bambapolitica.com.mx\/index.php\/wp-json\/wp\/v2\/media\/76592"}],"wp:attachment":[{"href":"https:\/\/bambapolitica.com.mx\/index.php\/wp-json\/wp\/v2\/media?parent=76591"}],"wp:term":[{"taxonomy":"category","embeddable":true,"href":"https:\/\/bambapolitica.com.mx\/index.php\/wp-json\/wp\/v2\/categories?post=76591"},{"taxonomy":"post_tag","embeddable":true,"href":"https:\/\/bambapolitica.com.mx\/index.php\/wp-json\/wp\/v2\/tags?post=76591"}],"curies":[{"name":"wp","href":"https:\/\/api.w.org\/{rel}","templated":true}]}}