{"id":76597,"date":"2024-09-27T08:48:14","date_gmt":"2024-09-27T14:48:14","guid":{"rendered":"https:\/\/bambapolitica.com.mx\/?p=76597"},"modified":"2024-09-27T08:48:18","modified_gmt":"2024-09-27T14:48:18","slug":"aun-no-notifican-al-ine-de-recurso-contra-eleccion-de-jueces-taddei","status":"publish","type":"post","link":"https:\/\/bambapolitica.com.mx\/index.php\/2024\/09\/27\/aun-no-notifican-al-ine-de-recurso-contra-eleccion-de-jueces-taddei\/","title":{"rendered":"A\u00fan no notifican al INE de recurso contra elecci\u00f3n de jueces: Taddei"},"content":{"rendered":"\n<p>27 de Septiembre 2024<\/p>\n\n\n\n<p>Hasta la tarde de ayer, el Instituto Nacional Electoral (INE) no hab\u00eda sido notificado sobre la suspensi\u00f3n provisional que otorg\u00f3 un juez de Colima para que detenga el proceso rumbo a la elecci\u00f3n de ministros, magistrados y jueces, el cual arranc\u00f3 el lunes pasado, inform\u00f3 la presidenta del instituto, Guadalupe Taddei.<\/p>\n\n\n\n<p>Dijo que una vez que tengan la sentencia, los 11 consejeros deber\u00e1n analizarla junto con el \u00e1rea jur\u00eddica para determinar si acatan dicha suspensi\u00f3n, es decir, si procede detener el proceso o no tiene sustento y contin\u00faan con su organizaci\u00f3n.<\/p>\n\n\n\n<p>Las consejeras Dania Ravel, Carla Humphrey y Claudia Zavala coincidieron en que mientras no cuenten con la sentencia, no pueden tomar una decisi\u00f3n, aunque sea del conocimiento p\u00fablico, porque deben respetar los procedimientos jur\u00eddicos, pero tampoco actuar\u00e1n con base en declaraciones de otros actores pol\u00edticos, como el senador Ricardo Monreal, quien hizo un llamado al INE para que la ignore.<\/p>\n\n\n\n<p>Entrevistadas por separado durante la sesi\u00f3n ordinaria del INE, Taddei se\u00f1al\u00f3 que esperar\u00e1n y analizar\u00e1n jur\u00eddicamente para ver qu\u00e9 procede.&nbsp;No s\u00f3lo soy yo, somos 11 consejeros que tendremos que asumir una postura, subray\u00f3.<\/p>\n\n\n\n<p>En tanto, Dania Ravel fue enf\u00e1tica al se\u00f1alar que tomar\u00e1n una determinaci\u00f3n con autonom\u00eda e independencia, pero deben primero analizarla.<\/p>\n\n\n\n<p>Consider\u00f3 que tienen que revisar los t\u00e9rminos de esa suspensi\u00f3n, si efectivamente est\u00e1 vinculando al Consejo General del INE para que no hagan ya ninguna acci\u00f3n, y \u201cpor supuesto que todas las determinaciones de las autoridades jurisdiccionales se deben acatar.<\/p>\n\n\n\n<p>Si en su caso no estuvi\u00e9ramos de acuerdo, aclar\u00f3, pueden ser impugnadas y revisables por otra autoridad jurisdiccional, pero nosotros no podemos dejar de observar. Afirm\u00f3 que har\u00e1n el an\u00e1lisis conducente por medio de su \u00e1rea jur\u00eddica,&nbsp;pero la decisi\u00f3n se toma aqu\u00ed.<\/p>\n\n\n\n<p>Por su parte, Humphrey coment\u00f3 que hasta que sean notificados y lean la sentencia determinar\u00e1n qu\u00e9 procede jur\u00eddicamente.<\/p>\n\n\n\n<p>En tanto, ayer por la tarde-noche, los consejeros Jorge Monta\u00f1o y Norma de la Cruz se reunieron por primera vez con un peque\u00f1o grupo de senadores para empezar a resolver dudas sobre la elecci\u00f3n de jueces, ya que junto con Rita Bell L\u00f3pez integran la Comisi\u00f3n Temporal para el proceso electoral del Poder Judicial de la Federaci\u00f3n.<\/p>\n","protected":false},"excerpt":{"rendered":"<p>27 de Septiembre 2024 Hasta la tarde de ayer, el Instituto Nacional Electoral (INE) no&#8230;<\/p>\n","protected":false},"author":3,"featured_media":76598,"comment_status":"closed","ping_status":"closed","sticky":false,"template":"","format":"standard","meta":{"footnotes":""},"categories":[4],"tags":[],"class_list":["post-76597","post","type-post","status-publish","format-standard","has-post-thumbnail","hentry","category-noticias-del-dia"],"_links":{"self":[{"href":"https:\/\/bambapolitica.com.mx\/index.php\/wp-json\/wp\/v2\/posts\/76597","targetHints":{"allow":["GET"]}}],"collection":[{"href":"https:\/\/bambapolitica.com.mx\/index.php\/wp-json\/wp\/v2\/posts"}],"about":[{"href":"https:\/\/bambapolitica.com.mx\/index.php\/wp-json\/wp\/v2\/types\/post"}],"author":[{"embeddable":true,"href":"https:\/\/bambapolitica.com.mx\/index.php\/wp-json\/wp\/v2\/users\/3"}],"replies":[{"embeddable":true,"href":"https:\/\/bambapolitica.com.mx\/index.php\/wp-json\/wp\/v2\/comments?post=76597"}],"version-history":[{"count":1,"href":"https:\/\/bambapolitica.com.mx\/index.php\/wp-json\/wp\/v2\/posts\/76597\/revisions"}],"predecessor-version":[{"id":76599,"href":"https:\/\/bambapolitica.com.mx\/index.php\/wp-json\/wp\/v2\/posts\/76597\/revisions\/76599"}],"wp:featuredmedia":[{"embeddable":true,"href":"https:\/\/bambapolitica.com.mx\/index.php\/wp-json\/wp\/v2\/media\/76598"}],"wp:attachment":[{"href":"https:\/\/bambapolitica.com.mx\/index.php\/wp-json\/wp\/v2\/media?parent=76597"}],"wp:term":[{"taxonomy":"category","embeddable":true,"href":"https:\/\/bambapolitica.com.mx\/index.php\/wp-json\/wp\/v2\/categories?post=76597"},{"taxonomy":"post_tag","embeddable":true,"href":"https:\/\/bambapolitica.com.mx\/index.php\/wp-json\/wp\/v2\/tags?post=76597"}],"curies":[{"name":"wp","href":"https:\/\/api.w.org\/{rel}","templated":true}]}}