{"id":76603,"date":"2024-09-27T08:50:27","date_gmt":"2024-09-27T14:50:27","guid":{"rendered":"https:\/\/bambapolitica.com.mx\/?p=76603"},"modified":"2024-09-27T08:50:31","modified_gmt":"2024-09-27T14:50:31","slug":"planchan-ya-19-estados-reforma-para-el-traslado-de-gn-a-sedena","status":"publish","type":"post","link":"https:\/\/bambapolitica.com.mx\/index.php\/2024\/09\/27\/planchan-ya-19-estados-reforma-para-el-traslado-de-gn-a-sedena\/","title":{"rendered":"&#8216;Planchan&#8217; ya 19 estados reforma para el traslado de GN a Sedena"},"content":{"rendered":"\n<p>27 de Septiembre 2024<\/p>\n\n\n\n<p>La mayor\u00eda de los congresos estatales aprobaron ya las reformas sobre la Guardia Nacional y derechos de los pueblos ind\u00edgenas y afromexicanos, por lo que este domingo el Senado y la C\u00e1mara de Diputados formular\u00e1n la declaratoria de constitucionalidad de ambas, a fin de que el presidente Andr\u00e9s Manuel L\u00f3pez Obrador la remita al&nbsp;Diario Oficial de la Federaci\u00f3n&nbsp;para su publicaci\u00f3n el lunes, el \u00faltimo d\u00eda de su gobierno.<\/p>\n\n\n\n<p>La enmienda sobre la Guardia Nacional logr\u00f3 anoche el respaldo de 19 congresos locales, y la de pueblos ind\u00edgenas, 20, en un proceso que Morena y sus aliados lograron acelerar, luego de que el Senado la aprob\u00f3 la ma\u00f1ana del pasado mi\u00e9rcoles, y un d\u00eda despu\u00e9s se hab\u00eda ya votado en la mitad m\u00e1s uno de las legislaturas de los estados de la Rep\u00fablica.<\/p>\n\n\n\n<p>De hecho, todo el proceso del Constituyente fue vertiginoso; la reforma que pasa el control de la Guardia Nacional a la Secretar\u00eda de la Defensa (Sedena) se aprob\u00f3 en la C\u00e1mara de Diputados el pasado d\u00eda 19, seis d\u00edas despu\u00e9s en el Senado y pasaron poco m\u00e1s de 30 horas para que se votara y avalara en la mayor\u00eda de los congresos estatales.<\/p>\n\n\n\n<p>En entrevistas por separado, los senadores de Morena \u00d3scar Cant\u00f3n Zetina y Sa\u00fal Monreal consideraron que es justo que antes de dejar su mandato, L\u00f3pez Obrador firme el decreto de promulgaci\u00f3n de ambas, dado que se trata de dos de las iniciativas del paquete conocido como&nbsp;plan C&nbsp;que present\u00f3 el pasado 5 de febrero.<\/p>\n\n\n\n<p>Coincidieron en que a pesar de la rapidez con que se sacaron las dos enmiendas constitucionales, se respetaron los tiempos legales.&nbsp;Cumplimos con el mandato de la ciudadan\u00eda, que con su voto nos dio la mayor\u00eda calificada necesaria para modificaciones a la Carta Magna, coment\u00f3 Cant\u00f3n Zetina.<\/p>\n\n\n\n<p>Desde el mismo mi\u00e9rcoles pasado, cuando la minuta en materia de Guardia Nacional sali\u00f3 del Senado \u2013cerca de las 7 de la ma\u00f1ana, luego de una marat\u00f3nica discusi\u00f3n\u2013, sesionaron 12 congresos locales que aprobaron esa reforma: el primero fue el de Tabasco, al que siguieron los de la Ciudad de M\u00e9xico, Zacatecas, Tlaxcala, Campeche, Baja California, Guerrero, Durango, Sinaloa, Colima, Oaxaca y Yucat\u00e1n.<\/p>\n\n\n\n<p>Ayer la votaron los de Michoac\u00e1n, Morelos, Nayarit, Puebla, Veracruz, Tamaulipas y estado de M\u00e9xico, para sumar 18, uno m\u00e1s de los requeridos, aunque en los pr\u00f3ximos d\u00edas se sumar\u00e1n los resultados de las dem\u00e1s entidades que son gobernadas por Morena.<\/p>\n\n\n\n<p>El Senado registr\u00f3 anoche en su p\u00e1gina electr\u00f3nica que se hab\u00eda ya logrado el voto de la mitad m\u00e1s uno de las legislaturas para ambas.<\/p>\n","protected":false},"excerpt":{"rendered":"<p>27 de Septiembre 2024 La mayor\u00eda de los congresos estatales aprobaron ya las reformas sobre&#8230;<\/p>\n","protected":false},"author":3,"featured_media":76604,"comment_status":"closed","ping_status":"closed","sticky":false,"template":"","format":"standard","meta":{"footnotes":""},"categories":[4],"tags":[],"class_list":["post-76603","post","type-post","status-publish","format-standard","has-post-thumbnail","hentry","category-noticias-del-dia"],"_links":{"self":[{"href":"https:\/\/bambapolitica.com.mx\/index.php\/wp-json\/wp\/v2\/posts\/76603","targetHints":{"allow":["GET"]}}],"collection":[{"href":"https:\/\/bambapolitica.com.mx\/index.php\/wp-json\/wp\/v2\/posts"}],"about":[{"href":"https:\/\/bambapolitica.com.mx\/index.php\/wp-json\/wp\/v2\/types\/post"}],"author":[{"embeddable":true,"href":"https:\/\/bambapolitica.com.mx\/index.php\/wp-json\/wp\/v2\/users\/3"}],"replies":[{"embeddable":true,"href":"https:\/\/bambapolitica.com.mx\/index.php\/wp-json\/wp\/v2\/comments?post=76603"}],"version-history":[{"count":1,"href":"https:\/\/bambapolitica.com.mx\/index.php\/wp-json\/wp\/v2\/posts\/76603\/revisions"}],"predecessor-version":[{"id":76605,"href":"https:\/\/bambapolitica.com.mx\/index.php\/wp-json\/wp\/v2\/posts\/76603\/revisions\/76605"}],"wp:featuredmedia":[{"embeddable":true,"href":"https:\/\/bambapolitica.com.mx\/index.php\/wp-json\/wp\/v2\/media\/76604"}],"wp:attachment":[{"href":"https:\/\/bambapolitica.com.mx\/index.php\/wp-json\/wp\/v2\/media?parent=76603"}],"wp:term":[{"taxonomy":"category","embeddable":true,"href":"https:\/\/bambapolitica.com.mx\/index.php\/wp-json\/wp\/v2\/categories?post=76603"},{"taxonomy":"post_tag","embeddable":true,"href":"https:\/\/bambapolitica.com.mx\/index.php\/wp-json\/wp\/v2\/tags?post=76603"}],"curies":[{"name":"wp","href":"https:\/\/api.w.org\/{rel}","templated":true}]}}