{"id":76606,"date":"2024-09-27T08:55:08","date_gmt":"2024-09-27T14:55:08","guid":{"rendered":"https:\/\/bambapolitica.com.mx\/?p=76606"},"modified":"2024-09-27T08:55:16","modified_gmt":"2024-09-27T14:55:16","slug":"rector-de-la-uv-martin-aguilar-firmo-titulo-profesional-sin-protocolos-ni-tesis-imponiendo-a-norma-trujillo-en-la-cgcs","status":"publish","type":"post","link":"https:\/\/bambapolitica.com.mx\/index.php\/2024\/09\/27\/rector-de-la-uv-martin-aguilar-firmo-titulo-profesional-sin-protocolos-ni-tesis-imponiendo-a-norma-trujillo-en-la-cgcs\/","title":{"rendered":"Rector de la UV Mart\u00edn Aguilar firm\u00f3 t\u00edtulo profesional sin protocolos, ni tesis imponiendo a Norma Trujillo en la CGCS"},"content":{"rendered":"\n<p>27 de Septiembre 2024<\/p>\n\n\n\n<p>El medio de comunicaci\u00f3n oficialista La Jornada Veracruz y su due\u00f1o Tulio Hern\u00e1ndez impusieron a su cu\u00f1ada Julia Norma Trujillo B\u00e1ez como coordinadora de Comunicaci\u00f3n Social de la UV y as\u00ed tener un jugoso convenio publicitario.<\/p>\n\n\n\n<p>Como una haza\u00f1a impensable e incre\u00edble en la Coordinaci\u00f3n de Comunicaci\u00f3n Social de la Universidad Veracruzana, mi alma mater e instituci\u00f3n educativa que respeto mucho, se trat\u00f3 de ocultar por largo tiempo, \u00a0una triangulaci\u00f3n para imponer a una incondicional del medio de comunicaci\u00f3n La Jornada Veracruz, sin contar con t\u00edtulo profesional en Licenciatura y trunca Maestr\u00eda, adem\u00e1s de comprobarse la inexistencia de tesis, en claro conflicto de intereses y abuso de poder por parte del entonces reci\u00e9n nombrado rector de la UV, Mart\u00edn Gerardo Aguilar S\u00e1nchez. No pierdan esta informaci\u00f3n que evidenciar\u00e1 la falta de \u00e9tica y violar la ley interna en la Rector\u00eda de la UV y de inmediato la Contralor\u00eda deber\u00e1 investigar.<\/p>\n\n\n\n<p>Mart\u00edn Gerardo Aguilar S\u00e1nchez tom\u00f3 protesta el 1\u00ba de septiembre de 2021, como lo informa la liga oficial de Prensa \u00a0de la UV, con la liga:\u00a0https:\/\/www.uv.mx\/prensa\/banner\/martin-aguilar-rindio-protesta-como-rector-de-la-uv\/#:~:text=%E2%80%9CHemos%20pensado%20en%20todo%20momento,31%20de%20agosto%20del%202025.\u00a0 La imposici\u00f3n de Mart\u00edn Aguilar se dio gracias a que el Clan Garc\u00eda, Atanasio Garc\u00eda Dur\u00e1n y Cuitl\u00e1huac Garc\u00eda Jim\u00e9nez se adue\u00f1aron de la Universidad Veracruzana y de su presupuesto, sin cuidar los detalles que se convierten en verdaderas joyas period\u00edsticas y un claro abuso de poder a favor de Morena.<\/p>\n\n\n\n<p>Al mismo Mart\u00edn Gerardo Aguilar S\u00e1nchez le fueron impuestos operadores y uno de ellos, Julia Norma Trujillo B\u00e1ez, \u00a0para ocupar el cargo de titular en la Coordinaci\u00f3n General de Comunicaci\u00f3n Social de la UV, pero hab\u00eda un problema: Norma Trujillo, la misma que utiliz\u00f3 el nombre y asesinato de Regina Mart\u00ednez para adjudicarse como activista en pro de los derechos de los periodistas, a la hora de los nombramientos no contaba con t\u00edtulo profesional, impidi\u00e9ndole asumir el cargo.<\/p>\n\n\n\n<p>Para Mart\u00edn Aguilar S\u00e1nchez no era problema, pues siete d\u00edas despu\u00e9s de tomar protesta como rector de la UV, el reci\u00e9n nombrado firm\u00f3 el t\u00edtulo profesional de Julia Norma Trujillo B\u00e1ez, con fecha del 7 de septiembre de 2021 y luego, el 17 de septiembre del mismo a\u00f1o, Norma Trujillo tom\u00f3 protesta como coordinadora general de Comunicaci\u00f3n Social de la Universidad Veracruzana, en claro conflicto de intereses y tr\u00e1fico de influencias.<\/p>\n\n\n\n<p>Lo peor, con base a la consulta en la Direcci\u00f3n General de Bibliotecas y el Sistema Bibliotecario de la Universidad Veracruzana, no existe tesis elaborada por Julia Norma Trujillo B\u00e1ez, siendo un requisito indispensable para titularse y cumplir con el Protocolo de Titulaci\u00f3n, ni se puede extender su T\u00edtulo Profesional. Interesante que la misma Norma Trujillo curs\u00f3 la Maestr\u00eda en Periodismo por la UV, como lo hizo la autora de esta columna y ella no pudo seguir en este posgrado de dos a\u00f1os, por no contar con Licenciatura, como requisito para matricularse.<\/p>\n\n\n\n<p>\u00bfPor qu\u00e9 Norma Trujillo ten\u00eda que ser la nueva titular de la CGCS de la UV? F\u00e1cil, por la presi\u00f3n de Tulio Moreno Alvarado, due\u00f1o de la Jornada Veracruz y cu\u00f1ado de Norma, ya que ella est\u00e1 casada con el hermano de este redactor y reportero, el mismo, a quien le pagan por publicar campa\u00f1as negras en contra de periodistas inc\u00f3modos a Cuitl\u00e1huac Garc\u00eda, entre ellos la autora de esta columna. As\u00ed como obtener convenios publicitarios, en otro conflicto de intereses, por ser cu\u00f1ados, aliados y beneficiarios con el dinero obtenido de la UV.<\/p>\n\n\n\n<p>No olvidemos que Tulio Hern\u00e1ndez fue impuesto como comisionado en la Comisi\u00f3n Estatal para la Atenci\u00f3n y Protecci\u00f3n a Periodistas, bajo las \u00f3rdenes de Eric Cisneros Burgos sin aportar nada a la instituci\u00f3n, como se da a conocer con la liga:\u00a0https:\/\/ceapp.org.mx\/RH\/CV-Tulio-Moreno-Alvarado.pdf<\/p>\n\n\n\n<p>Todo lo narrado en esta entrega se puede comprobar con la liga:\u00a0https:\/\/colaboracion.uv.mx\/dgrh\/transparencia\/doctosprobatorios\/JULIA_NORMA_TRUJILLO_BAEZ.PDF\u00a0 donde se demuestra la fecha 7 de septiembre de 2021, siete d\u00edas despu\u00e9s de haber tomado protesta Mart\u00edn Gerardo Aguilar S\u00e1nchez como rector de la UV y su r\u00fabrica ya con el cargo.<\/p>\n\n\n\n<p>Recordemos que cierta secretaria acad\u00e9mica de esta administraci\u00f3n, quien antes era presidenta de la Junta de Gobierno, vivi\u00f3 una situaci\u00f3n similar y sali\u00f3 de la UV por la puerta trasera, sin explicaciones, ni aclaraciones del c\u00f3mo fue posible que llegara a ese tan importante cargo.<\/p>\n\n\n\n<p>Y nos salta la pregunta \u00bfEn qu\u00e9 se diferencia esa historia con todo lo narrado? La respuesta, haber sido una orden superior y ajena a nuestra universidad para imponer a cualquier precio a Norma Trujillo. Si bien existe un reglamento de titulaci\u00f3n y \u00a0tambi\u00e9n, existen varias modalidades para obtener el t\u00edtulo de licenciatura, en este caso no aplica como en otras carreras en la realizaci\u00f3n de un examen general de conocimientos, tipo Ceneval. \u00a0En este caso tiene que ser por tesis, tesina, monograf\u00eda, reporte o memoria y varias copias entregadas a la UV, a la Facultad donde cursas la licenciatura, en la Biblioteca de Humanidades y a la Biblioteca central.<\/p>\n\n\n\n<p>Cabe mencionar que ahora tambi\u00e9n se suben al repositorio institucional y se puede consultar en la USBI. \u00a0Sobre la presunta tesis de Julia Norma Trujillo B\u00e1ez no hay tal documento o cuando menos, no ha sido registrado en el sistema, ni en f\u00edsico, ni electr\u00f3nico. Lo que s\u00ed se puede consultar es el sueldo neto que percibe como directora y alcanza un poco m\u00e1s de $57 mil pesos mensuales, incluyendo una compensaci\u00f3n y est\u00edmulo, como se puede verificar en el acceso libre dentro de la plataforma de transparencia con la liga:\u00a0https:\/\/buscador.plataformadetransparencia.org.mx\/en\/web\/guest\/buscadornacional_eu?buscador=julia%20norma%20trujillo%20b%C3%A1ez&amp;amp;coleccion=5<\/p>\n\n\n\n<p>Llegar como director general administrativo, &nbsp;como est\u00e1 dada de alta Norma Trujillo, ganando un buen sueldo y su t\u00edtulo sea expedido justo una semana despu\u00e9s del inicio de una nueva administraci\u00f3n rectoral y justo a tiempo para rendir protesta y asumir la Direcci\u00f3n General de Comunicaci\u00f3n Social, siendo todo esto &nbsp;un fraude a la instituci\u00f3n y comprobarse el tr\u00e1fico de influencias y conflicto de intereses.<\/p>\n\n\n\n<p>Ojal\u00e1 y la Junta de Gobierno, la m\u00e1xima autoridad de nuestra Universidad, la misma que elige y designa a rectoras y rectores, est\u00e9 al tanto de esta situaci\u00f3n y tenga acceso a la documentaci\u00f3n comprobatoria. Lo triste que la misma Norma Trujillo es se\u00f1alada de maltratar&nbsp; a compa\u00f1eros y periodistas, quienes no entienden la transformaci\u00f3n de la antes periodista-activista y hoy, una funcionaria sinverg\u00fcenza.<\/p>\n","protected":false},"excerpt":{"rendered":"<p>27 de Septiembre 2024 El medio de comunicaci\u00f3n oficialista La Jornada Veracruz y su due\u00f1o&#8230;<\/p>\n","protected":false},"author":3,"featured_media":76607,"comment_status":"closed","ping_status":"closed","sticky":false,"template":"","format":"standard","meta":{"footnotes":""},"categories":[4],"tags":[],"class_list":["post-76606","post","type-post","status-publish","format-standard","has-post-thumbnail","hentry","category-noticias-del-dia"],"_links":{"self":[{"href":"https:\/\/bambapolitica.com.mx\/index.php\/wp-json\/wp\/v2\/posts\/76606","targetHints":{"allow":["GET"]}}],"collection":[{"href":"https:\/\/bambapolitica.com.mx\/index.php\/wp-json\/wp\/v2\/posts"}],"about":[{"href":"https:\/\/bambapolitica.com.mx\/index.php\/wp-json\/wp\/v2\/types\/post"}],"author":[{"embeddable":true,"href":"https:\/\/bambapolitica.com.mx\/index.php\/wp-json\/wp\/v2\/users\/3"}],"replies":[{"embeddable":true,"href":"https:\/\/bambapolitica.com.mx\/index.php\/wp-json\/wp\/v2\/comments?post=76606"}],"version-history":[{"count":1,"href":"https:\/\/bambapolitica.com.mx\/index.php\/wp-json\/wp\/v2\/posts\/76606\/revisions"}],"predecessor-version":[{"id":76608,"href":"https:\/\/bambapolitica.com.mx\/index.php\/wp-json\/wp\/v2\/posts\/76606\/revisions\/76608"}],"wp:featuredmedia":[{"embeddable":true,"href":"https:\/\/bambapolitica.com.mx\/index.php\/wp-json\/wp\/v2\/media\/76607"}],"wp:attachment":[{"href":"https:\/\/bambapolitica.com.mx\/index.php\/wp-json\/wp\/v2\/media?parent=76606"}],"wp:term":[{"taxonomy":"category","embeddable":true,"href":"https:\/\/bambapolitica.com.mx\/index.php\/wp-json\/wp\/v2\/categories?post=76606"},{"taxonomy":"post_tag","embeddable":true,"href":"https:\/\/bambapolitica.com.mx\/index.php\/wp-json\/wp\/v2\/tags?post=76606"}],"curies":[{"name":"wp","href":"https:\/\/api.w.org\/{rel}","templated":true}]}}