{"id":76617,"date":"2024-09-27T09:28:23","date_gmt":"2024-09-27T15:28:23","guid":{"rendered":"https:\/\/bambapolitica.com.mx\/?p=76617"},"modified":"2024-09-27T09:28:43","modified_gmt":"2024-09-27T15:28:43","slug":"claudia-sheinbaum-enmienda-error-en-comunicado-a-espana-pero-vuelve-a-tener-otro-ahora-con-el-apellido-de-pedro-sanchez","status":"publish","type":"post","link":"https:\/\/bambapolitica.com.mx\/index.php\/2024\/09\/27\/claudia-sheinbaum-enmienda-error-en-comunicado-a-espana-pero-vuelve-a-tener-otro-ahora-con-el-apellido-de-pedro-sanchez\/","title":{"rendered":"Claudia Sheinbaum enmienda error en comunicado a Espa\u00f1a, pero vuelve a tener otro ahora con el apellido de Pedro S\u00e1nchez."},"content":{"rendered":"\n<p>27 de Septiembre 2024<\/p>\n\n\n\n<p>Claudia Sheinbaum Pardo, presidenta electa public\u00f3 en redes sociales &#8220;de nuevo el posicionamiento&#8221; respecto de la determinaci\u00f3n del gobierno de Espa\u00f1a de no mandar representante a su toma de posesi\u00f3n.<\/p>\n\n\n\n<p>Las autoridades de ese pa\u00eds&nbsp;consideraron &#8220;inaceptable&#8221; que haya invitado al presidente Pedro S\u00e1nchez, en vez del Rey Felipe VI, Jefe de Estado de esa naci\u00f3n.<\/p>\n\n\n\n<p>Sheinbaum se\u00f1al\u00f3 que el nuevo texto tiene &#8220;dos precisiones que se fueron en la transcripci\u00f3n&#8221;, aunque de la lectura se desprenden cuatro cambios.<\/p>\n\n\n\n<p>Sin embargo, hubo una imprecisi\u00f3n en el texto que no fue corregido en la nueva versi\u00f3n: llam\u00f3&nbsp;al presidente de Espa\u00f1a, Pedro S\u00e1nchez Castrej\u00f3n, pero el segundo apellido del mandatario compuesto es P\u00e9rez-Castej\u00f3n; el texto fue cambiado de nuevo minutos despu\u00e9s.&nbsp;<\/p>\n\n\n\n<p>Primero, fue corregido el error respecto del tiempo transcurrido desde la\u00a0fundaci\u00f3n de Tenochtitl\u00e1n;\u00a0en la redacci\u00f3n original dec\u00eda &#8220;dos\u00a0siglos&#8221; y el texto actualizado corrige que son siete\u00a0siglos, dado que el a\u00f1o registrado por historiadores\u00a0es 1325.<\/p>\n\n\n\n<p>En el p\u00e1rrafo siguiente a&nbsp;la cita de&nbsp;un extracto de la misiva que Andr\u00e9s Manuel L\u00f3pez Obrador envi\u00f3 en 2019 al rey de Espa\u00f1a, donde propon\u00eda que ese pa\u00eds pidiera disculpas por los agravios de la Conquista, modific\u00f3 la redacci\u00f3n, aunque conserv\u00f3 la idea.<\/p>\n\n\n\n<p>&#8220;Lamentablemente, dicha misiva no mereci\u00f3 respuesta alguna de forma directa, como hubiera correspondido a la mejor pr\u00e1ctica diplom\u00e1tica de las relaciones bilaterales. En cambio, parte de la misiva se filtr\u00f3 en medios de comunicaci\u00f3n, y la respuesta a la misma, fue un comunicado de prensa del Ministerio de Asuntos Exteriores de Espa\u00f1a&#8221;, se lee.<\/p>\n\n\n\n<p>L\u00edneas m\u00e1s adelante, Sheinbaum Pardo matiz\u00f3 respecto del los efectos que esa acci\u00f3n por parte de Espa\u00f1a tendr\u00eda.<\/p>\n\n\n\n<p>&#8220;Precisamente por todo ello, es que pienso que nuestros lazos se beneficiar\u00edan con el reconocimiento de una renovada perspectiva hist\u00f3rica, como eje de una relaci\u00f3n respetuosa, s\u00f3lida y fruct\u00edfera&#8221;, consider\u00f3.<\/p>\n\n\n\n<p>En el nuevo comunicado, la mandataria electa elimin\u00f3 un p\u00e1rrafo en el que hac\u00eda referencia a la iniciativa del presidente L\u00f3pez Obrador, enviada al Congreso el pasado 5 de febrero, para cambiar la Constituci\u00f3n a fin de &#8220;reconocer los derechos plenos de los pueblos y comunidades indigenas y afromexicanas, aprobada recientemente por las c\u00e1maras de Diputados y Senadores&#8221;.&nbsp;<\/p>\n","protected":false},"excerpt":{"rendered":"<p>27 de Septiembre 2024 Claudia Sheinbaum Pardo, presidenta electa public\u00f3 en redes sociales &#8220;de nuevo&#8230;<\/p>\n","protected":false},"author":3,"featured_media":76618,"comment_status":"closed","ping_status":"closed","sticky":false,"template":"","format":"standard","meta":{"footnotes":""},"categories":[4],"tags":[],"class_list":["post-76617","post","type-post","status-publish","format-standard","has-post-thumbnail","hentry","category-noticias-del-dia"],"_links":{"self":[{"href":"https:\/\/bambapolitica.com.mx\/index.php\/wp-json\/wp\/v2\/posts\/76617","targetHints":{"allow":["GET"]}}],"collection":[{"href":"https:\/\/bambapolitica.com.mx\/index.php\/wp-json\/wp\/v2\/posts"}],"about":[{"href":"https:\/\/bambapolitica.com.mx\/index.php\/wp-json\/wp\/v2\/types\/post"}],"author":[{"embeddable":true,"href":"https:\/\/bambapolitica.com.mx\/index.php\/wp-json\/wp\/v2\/users\/3"}],"replies":[{"embeddable":true,"href":"https:\/\/bambapolitica.com.mx\/index.php\/wp-json\/wp\/v2\/comments?post=76617"}],"version-history":[{"count":1,"href":"https:\/\/bambapolitica.com.mx\/index.php\/wp-json\/wp\/v2\/posts\/76617\/revisions"}],"predecessor-version":[{"id":76619,"href":"https:\/\/bambapolitica.com.mx\/index.php\/wp-json\/wp\/v2\/posts\/76617\/revisions\/76619"}],"wp:featuredmedia":[{"embeddable":true,"href":"https:\/\/bambapolitica.com.mx\/index.php\/wp-json\/wp\/v2\/media\/76618"}],"wp:attachment":[{"href":"https:\/\/bambapolitica.com.mx\/index.php\/wp-json\/wp\/v2\/media?parent=76617"}],"wp:term":[{"taxonomy":"category","embeddable":true,"href":"https:\/\/bambapolitica.com.mx\/index.php\/wp-json\/wp\/v2\/categories?post=76617"},{"taxonomy":"post_tag","embeddable":true,"href":"https:\/\/bambapolitica.com.mx\/index.php\/wp-json\/wp\/v2\/tags?post=76617"}],"curies":[{"name":"wp","href":"https:\/\/api.w.org\/{rel}","templated":true}]}}