{"id":77180,"date":"2024-10-10T07:20:19","date_gmt":"2024-10-10T13:20:19","guid":{"rendered":"https:\/\/bambapolitica.com.mx\/?p=77180"},"modified":"2024-10-10T07:20:25","modified_gmt":"2024-10-10T13:20:25","slug":"el-mercado-ya-no-sera-su-funcion-principal-apunta-sheinbaum-pardo","status":"publish","type":"post","link":"https:\/\/bambapolitica.com.mx\/index.php\/2024\/10\/10\/el-mercado-ya-no-sera-su-funcion-principal-apunta-sheinbaum-pardo\/","title":{"rendered":"El mercado ya no ser\u00e1 su funci\u00f3n principal, apunta Sheinbaum Pardo"},"content":{"rendered":"\n<p>10 de Octubre 2024<\/p>\n\n\n\n<p>Con la reforma constitucional en materia energ\u00e9tica lo que se pretende es que Petr\u00f3leos Mexicanos y la Comisi\u00f3n Federal Electricidad regresar\u00e1n a ser empresas p\u00fablicas, por lo que&nbsp;<q>no ser\u00e1 el mercado su principal funci\u00f3n, sino el servicio p\u00fablico<\/q>, afirm\u00f3 la presidenta Claudia Sheinbaum. En paralelo, se conferir\u00e1 preponderancia a la operaci\u00f3n de la CFE, en contraste con lo que ocurr\u00eda en el pasado, cuando el Centro Nacional de Control de Energ\u00eda optaba por las empresas privadas.<\/p>\n\n\n\n<p>\u201c\u00bfQui\u00e9n decide qu\u00e9 pasa por las redes de transmisi\u00f3n? El Cenace. Antes se dec\u00eda: \u2018Bueno, los privados tienen preponderancia por una serie de reglas\u2019. Ahora la Constituci\u00f3n dice: \u2018No, tiene preponderancia Comisi\u00f3n Federal de Electricidad\u2019. Incluso, las hidroel\u00e9ctricas, energ\u00eda limpia, no se les consideraba renovables, ahora, con esta reforma, s\u00ed\u201d, enfatiz\u00f3.<\/p>\n\n\n\n<p>Subray\u00f3 que con esto se garantizar\u00e1 que la participaci\u00f3n de la CFE en la generaci\u00f3n de energ\u00eda sea de 54 por ciento, como se estableci\u00f3 desde el sexenio pasado, y de 46 por ciento la iniciativa privada. Se respetar\u00e1n los contratos, pero en el modelo de autoabasto que abri\u00f3 la reforma energ\u00e9tica de 2013 coment\u00f3 que&nbsp;<q>hay muchos amparos relacionados con estos planteamientos. Nuestro objetivo no es pelearnos con el sector privado, sino sencillamente sentarnos en una mesa sobre las nuevas reglas, que son la decisi\u00f3n que tom\u00f3 el pueblo de M\u00e9xico<\/q>.<\/p>\n\n\n\n<p>Sheinbaum explic\u00f3 que esta reforma constitucional permitir\u00e1 cambios en las leyes secundarias por lo que, si bien se respetar\u00e1 la participaci\u00f3n de la empresa privada, con el retorno al concepto de empresa p\u00fablica, CFE y Pemex podr\u00e1n ser m\u00e1s eficientes al recuperar preponderancia.&nbsp;<q>Los privados, van a poder generar 46 por ciento. \u00bfBajo qu\u00e9 esquemas? A partir de una planeaci\u00f3n energ\u00e9tica, que es lo que debe existir en cualquier pa\u00eds, y de la definici\u00f3n de reglas muy claras: c\u00f3mo pueden invertir, d\u00f3nde pueden invertir y bajo qu\u00e9 condiciones en este mercado<\/q>.<\/p>\n\n\n\n<p>Durante la conferencia se explicaron los alcances de las reformas constitucionales en materia energ\u00e9tica y ferroviaria. Sobre esta \u00faltima, el director de general de Agencia Reguladora de Transportaci\u00f3n Ferroviaria, Andr\u00e9s Lajous, dijo que la reforma en la materia pretende elevar a rango constitucional el control del Estado en la operaci\u00f3n de los trenes de pasajeros (que se perdi\u00f3 con los cambios en el sexenio) que podr\u00e1 ser mediante una empresa p\u00fablica o a trav\u00e9s de concesiones.<\/p>\n\n\n\n<p>A trenes, 150 mil mdp<\/p>\n\n\n\n<p>Al respecto, la presidenta adelant\u00f3 que para 2025 se tiene considerada una partida de 150 mil millones de pesos para los proyectos ferroviarios,&nbsp;<q>pero no se preocupen, porque va a disminuir el d\u00e9ficit, todo es austeridad republicana<\/q>. Lajous mencion\u00f3 que en total, las v\u00edas ferroviarias en el pa\u00eds suman 18 mil kil\u00f3metros y en este sexenio los proyectos que se tienen considerados suman 3 mil kil\u00f3metros.<\/p>\n\n\n\n<p>Sobre la reforma energ\u00e9tica, la secretaria de Energ\u00eda, Luz Elena Gonz\u00e1lez se\u00f1al\u00f3 que algunos aspectos contenidos en la reforma que est\u00e1 en el Congreso revierten las afectaciones que sufrieron Pemex y CFE con los cambios constitucionales de 2013 cuando, al convertirlas en empresas productivas del Estado trasladaban su marco legal al derecho mercantil, y no al p\u00fablico.<\/p>\n\n\n\n<p>Con ello \u2013explic\u00f3\u2013-, abr\u00eda zonas espec\u00edficas anteriormente reservadas al Estado a la iniciativa privada en la explotaci\u00f3n de hidrocarburos; en materia de energ\u00eda el\u00e9ctrica, abr\u00eda el mercado a la iniciativa privada y colocaba a la CFE en condiciones de desventaja, en un esquema de competencia con las empresas particulares, privilegiando la rentabilidad por encima de la seguridad energ\u00e9tica. Destac\u00f3 que esta situaci\u00f3n comenz\u00f3 a corregirse en el gobierno de Andr\u00e9s Manuel L\u00f3pez Obrador.<\/p>\n","protected":false},"excerpt":{"rendered":"<p>10 de Octubre 2024 Con la reforma constitucional en materia energ\u00e9tica lo que se pretende&#8230;<\/p>\n","protected":false},"author":3,"featured_media":77181,"comment_status":"closed","ping_status":"closed","sticky":false,"template":"","format":"standard","meta":{"footnotes":""},"categories":[4],"tags":[],"class_list":["post-77180","post","type-post","status-publish","format-standard","has-post-thumbnail","hentry","category-noticias-del-dia"],"_links":{"self":[{"href":"https:\/\/bambapolitica.com.mx\/index.php\/wp-json\/wp\/v2\/posts\/77180","targetHints":{"allow":["GET"]}}],"collection":[{"href":"https:\/\/bambapolitica.com.mx\/index.php\/wp-json\/wp\/v2\/posts"}],"about":[{"href":"https:\/\/bambapolitica.com.mx\/index.php\/wp-json\/wp\/v2\/types\/post"}],"author":[{"embeddable":true,"href":"https:\/\/bambapolitica.com.mx\/index.php\/wp-json\/wp\/v2\/users\/3"}],"replies":[{"embeddable":true,"href":"https:\/\/bambapolitica.com.mx\/index.php\/wp-json\/wp\/v2\/comments?post=77180"}],"version-history":[{"count":1,"href":"https:\/\/bambapolitica.com.mx\/index.php\/wp-json\/wp\/v2\/posts\/77180\/revisions"}],"predecessor-version":[{"id":77182,"href":"https:\/\/bambapolitica.com.mx\/index.php\/wp-json\/wp\/v2\/posts\/77180\/revisions\/77182"}],"wp:featuredmedia":[{"embeddable":true,"href":"https:\/\/bambapolitica.com.mx\/index.php\/wp-json\/wp\/v2\/media\/77181"}],"wp:attachment":[{"href":"https:\/\/bambapolitica.com.mx\/index.php\/wp-json\/wp\/v2\/media?parent=77180"}],"wp:term":[{"taxonomy":"category","embeddable":true,"href":"https:\/\/bambapolitica.com.mx\/index.php\/wp-json\/wp\/v2\/categories?post=77180"},{"taxonomy":"post_tag","embeddable":true,"href":"https:\/\/bambapolitica.com.mx\/index.php\/wp-json\/wp\/v2\/tags?post=77180"}],"curies":[{"name":"wp","href":"https:\/\/api.w.org\/{rel}","templated":true}]}}