{"id":78325,"date":"2024-11-06T09:01:44","date_gmt":"2024-11-06T15:01:44","guid":{"rendered":"https:\/\/bambapolitica.com.mx\/?p=78325"},"modified":"2024-11-06T09:01:48","modified_gmt":"2024-11-06T15:01:48","slug":"produccion-y-exportacion-de-vehiculos-ligeros-crecieron-durante-octubre","status":"publish","type":"post","link":"https:\/\/bambapolitica.com.mx\/index.php\/2024\/11\/06\/produccion-y-exportacion-de-vehiculos-ligeros-crecieron-durante-octubre\/","title":{"rendered":"Producci\u00f3n y exportaci\u00f3n de veh\u00edculos ligeros crecieron durante octubre"},"content":{"rendered":"\n<p>6 de Noviembre 2024<\/p>\n\n\n\n<p>En octubre de 2024, la industria automotriz en M\u00e9xico increment\u00f3 su producci\u00f3n y su exportaci\u00f3n; as\u00ed como mostr\u00f3 una recuperaci\u00f3n en el nivel de sus ventas nacionales, inform\u00f3 el Instituto Nacional de Estad\u00edstica y Geograf\u00eda (Inegi).<\/p>\n\n\n\n<p>De acuerdo con el Registro Administrativo de la Industria Automotriz de Veh\u00edculos Ligeros (Raiavl), que realiza el Inegi, la producci\u00f3n de veh\u00edculos ligeros en M\u00e9xico alcanz\u00f3 un volumen de 382 mil 101 unidades, en octubre lo que represent\u00f3 un crecimiento con respecto al mismo mes de 2023 de 1.05 por ciento, la tasa de crecimiento anual m\u00e1s baja desde marzo de 2022. Asimismo, el ensamble de veh\u00edculos ligeros lig\u00f3 en octubre siete meses con avances anuales.<\/p>\n\n\n\n<p>La producci\u00f3n de veh\u00edculos baj\u00f3 su velocidad en octubre; toda vez que con respecto al mes previo registr\u00f3 un avance de s\u00f3lo 0.93 por ciento.<\/p>\n\n\n\n<p>Los camiones ligeros representaron el 76.1 por ciento del total producido, mientras que el resto correspondi\u00f3 a la fabricaci\u00f3n de autom\u00f3viles (23.9 por ciento).<\/p>\n\n\n\n<p>Por su parte, la industria nacional export\u00f3 332 mil 356 veh\u00edculos ligeros en octubre, lo que represent\u00f3 un aumento de 5.04 por ciento con respecto a octubre de 2023, su tercera alza anual consecutiva. Con respecto a septiembre, la venta de veh\u00edculos ligeros al exterior creci\u00f3 5.27 por ciento.&nbsp;<\/p>\n\n\n\n<p>El Inegi record\u00f3, pues el lunes pasado adelant\u00f3, que durante octubre se comercializaron 122 mil 51 veh\u00edculos ligeros, 7.03 por ciento m\u00e1s con respecto al mismo mes del a\u00f1o pasado, toda vez que fue su mejor octubre desde el 2017.<\/p>\n\n\n\n<p>Exportaciones r\u00e9cord<\/p>\n\n\n\n<p>Las cifras del Inegi revelan que en los primeros 10 meses del a\u00f1o, la producci\u00f3n de veh\u00edculos ligeros ascendi\u00f3 a un mill\u00f3n 201 mil 460 unidades, lo que represent\u00f3 un avance anual de 10.17 por ciento, su mejor nivel desde el mismo periodo de 2017.<\/p>\n\n\n\n<p>El informe del Inegi, que proviene de 23 empresas afiliadas a la Asociaci\u00f3n Mexicana de la Industria Automotriz (AMIA), Autos Orientales Picacho, Giant Motors Latinoam\u00e9rica y Great Wall Motor M\u00e9xico, precis\u00f3 que de enero a octubre se exportaron un nivel sin precedente para un periodo similar de 3 millones 411 mil 744 unidades, lo que represent\u00f3 un aumento de 5.50 pon respecto al mismo periodo de 2023, superando, adem\u00e1s,&nbsp;el nivel de 2019, antes de la pandemia de covid-&nbsp;19.<\/p>\n","protected":false},"excerpt":{"rendered":"<p>6 de Noviembre 2024 En octubre de 2024, la industria automotriz en M\u00e9xico increment\u00f3 su&#8230;<\/p>\n","protected":false},"author":3,"featured_media":78326,"comment_status":"closed","ping_status":"closed","sticky":false,"template":"","format":"standard","meta":{"footnotes":""},"categories":[4],"tags":[],"class_list":["post-78325","post","type-post","status-publish","format-standard","has-post-thumbnail","hentry","category-noticias-del-dia"],"_links":{"self":[{"href":"https:\/\/bambapolitica.com.mx\/index.php\/wp-json\/wp\/v2\/posts\/78325","targetHints":{"allow":["GET"]}}],"collection":[{"href":"https:\/\/bambapolitica.com.mx\/index.php\/wp-json\/wp\/v2\/posts"}],"about":[{"href":"https:\/\/bambapolitica.com.mx\/index.php\/wp-json\/wp\/v2\/types\/post"}],"author":[{"embeddable":true,"href":"https:\/\/bambapolitica.com.mx\/index.php\/wp-json\/wp\/v2\/users\/3"}],"replies":[{"embeddable":true,"href":"https:\/\/bambapolitica.com.mx\/index.php\/wp-json\/wp\/v2\/comments?post=78325"}],"version-history":[{"count":1,"href":"https:\/\/bambapolitica.com.mx\/index.php\/wp-json\/wp\/v2\/posts\/78325\/revisions"}],"predecessor-version":[{"id":78327,"href":"https:\/\/bambapolitica.com.mx\/index.php\/wp-json\/wp\/v2\/posts\/78325\/revisions\/78327"}],"wp:featuredmedia":[{"embeddable":true,"href":"https:\/\/bambapolitica.com.mx\/index.php\/wp-json\/wp\/v2\/media\/78326"}],"wp:attachment":[{"href":"https:\/\/bambapolitica.com.mx\/index.php\/wp-json\/wp\/v2\/media?parent=78325"}],"wp:term":[{"taxonomy":"category","embeddable":true,"href":"https:\/\/bambapolitica.com.mx\/index.php\/wp-json\/wp\/v2\/categories?post=78325"},{"taxonomy":"post_tag","embeddable":true,"href":"https:\/\/bambapolitica.com.mx\/index.php\/wp-json\/wp\/v2\/tags?post=78325"}],"curies":[{"name":"wp","href":"https:\/\/api.w.org\/{rel}","templated":true}]}}