{"id":82191,"date":"2025-03-13T09:57:54","date_gmt":"2025-03-13T15:57:54","guid":{"rendered":"https:\/\/bambapolitica.com.mx\/?p=82191"},"modified":"2025-03-13T09:57:58","modified_gmt":"2025-03-13T15:57:58","slug":"vecinos-de-ixtapaluca-denuncian-represion-policial-al-oponerse-a-obras-que-supuestamente-reducirian-agua-potable","status":"publish","type":"post","link":"https:\/\/bambapolitica.com.mx\/index.php\/2025\/03\/13\/vecinos-de-ixtapaluca-denuncian-represion-policial-al-oponerse-a-obras-que-supuestamente-reducirian-agua-potable\/","title":{"rendered":"Vecinos de Ixtapaluca denuncian represi\u00f3n policial al oponerse a obras que supuestamente reducir\u00edan agua potable"},"content":{"rendered":"\n<p>13\/ Marzo\/ 2024<\/p>\n\n\n\n<p>Colonos de la Luis C\u00f3rdova y de la 6 de Junio, conocidos por pertenecer a movimiento antorchista, evitaron el funcionamiento de la maquinaria.<\/p>\n\n\n\n<p>&nbsp;Habitantes de las colonias 6 de Junio y Luis C\u00f3rdova Reyes, en Ixtapaluca, denunciaron haber sido reprimidos por polic\u00edas municipales al oponerse a obras que, seg\u00fan ellos, reducir\u00edan el suministro de agua potable en la zona.<\/p>\n\n\n\n<p>La represi\u00f3n se produjo despu\u00e9s de que los vecinos se negaron a permitir que la maquinaria del Organismo P\u00fablico Descentralizado de Agua Potable, Alcantarillado y Saneamiento (ODAPAS) de Ixtapaluca entrara en la zona para realizar obras de conexi\u00f3n de la red de agua potable.<\/p>\n\n\n\n<p>Seg\u00fan los testimonios de los vecinos, la polic\u00eda municipal utiliz\u00f3 la fuerza para desalojarlos, lo que result\u00f3 en golpes, empujones y amenazas.<br>Los vecinos aseguran que la represi\u00f3n se produjo bajo \u00f3rdenes del gobierno de Felipe Arvizu de la Luz, quien ha sido acusado de agudizar la crisis de agua en la regi\u00f3n al no construir m\u00e1s pozos.<\/p>\n\n\n\n<p>La comunidad ha expresado su indignaci\u00f3n y ha pedido que se respete su derecho al agua, que ellos mismos han construido y mantenido durante a\u00f1os.<\/p>\n\n\n\n<p>de autoridad han generado un clima de tensi\u00f3n en la zona, y los vecinos han pedido que se tomen medidas para proteger su derecho al agua y a la libertad de expresi\u00f3n.<\/p>\n\n\n\n<p>El enfrentamiento entre los vecinos y la polic\u00eda municipal se produjo esta tarde, y ha generado una gran preocupaci\u00f3n en la comunidad.<br>Los vecinos han asegurado que no permitir\u00e1n que se reduzca el suministro de agua potable en la zona y que seguir\u00e1n luchando por sus derechos.<\/p>\n\n\n\n<p>A mismo se dio a conocer que el ODAPAS de Ixtapaluca acudi\u00f3 al lugar con maquinaria a hacer zanjas para conectar el agua y drenaje de la ampliaci\u00f3n 6 de Junio a la Luis C\u00f3rdova Reyes.<\/p>\n\n\n\n<p>Pero, supuestamente como las autoridades no informaron a la poblaci\u00f3n sobre los trabajos que se realizar\u00edan en la zona, lo que provoc\u00f3 que los antorchistas se opusieran a la obra y sobrevino el jaloneo como se observa en v\u00eddeos.<\/p>\n\n\n\n<p><\/p>\n","protected":false},"excerpt":{"rendered":"<p>13\/ Marzo\/ 2024 Colonos de la Luis C\u00f3rdova y de la 6 de Junio, conocidos&#8230;<\/p>\n","protected":false},"author":3,"featured_media":82193,"comment_status":"closed","ping_status":"closed","sticky":false,"template":"","format":"standard","meta":{"footnotes":""},"categories":[4],"tags":[],"class_list":["post-82191","post","type-post","status-publish","format-standard","has-post-thumbnail","hentry","category-noticias-del-dia"],"_links":{"self":[{"href":"https:\/\/bambapolitica.com.mx\/index.php\/wp-json\/wp\/v2\/posts\/82191","targetHints":{"allow":["GET"]}}],"collection":[{"href":"https:\/\/bambapolitica.com.mx\/index.php\/wp-json\/wp\/v2\/posts"}],"about":[{"href":"https:\/\/bambapolitica.com.mx\/index.php\/wp-json\/wp\/v2\/types\/post"}],"author":[{"embeddable":true,"href":"https:\/\/bambapolitica.com.mx\/index.php\/wp-json\/wp\/v2\/users\/3"}],"replies":[{"embeddable":true,"href":"https:\/\/bambapolitica.com.mx\/index.php\/wp-json\/wp\/v2\/comments?post=82191"}],"version-history":[{"count":1,"href":"https:\/\/bambapolitica.com.mx\/index.php\/wp-json\/wp\/v2\/posts\/82191\/revisions"}],"predecessor-version":[{"id":82194,"href":"https:\/\/bambapolitica.com.mx\/index.php\/wp-json\/wp\/v2\/posts\/82191\/revisions\/82194"}],"wp:featuredmedia":[{"embeddable":true,"href":"https:\/\/bambapolitica.com.mx\/index.php\/wp-json\/wp\/v2\/media\/82193"}],"wp:attachment":[{"href":"https:\/\/bambapolitica.com.mx\/index.php\/wp-json\/wp\/v2\/media?parent=82191"}],"wp:term":[{"taxonomy":"category","embeddable":true,"href":"https:\/\/bambapolitica.com.mx\/index.php\/wp-json\/wp\/v2\/categories?post=82191"},{"taxonomy":"post_tag","embeddable":true,"href":"https:\/\/bambapolitica.com.mx\/index.php\/wp-json\/wp\/v2\/tags?post=82191"}],"curies":[{"name":"wp","href":"https:\/\/api.w.org\/{rel}","templated":true}]}}