{"id":82224,"date":"2025-03-14T10:13:12","date_gmt":"2025-03-14T16:13:12","guid":{"rendered":"https:\/\/bambapolitica.com.mx\/?p=82224"},"modified":"2025-03-14T10:13:16","modified_gmt":"2025-03-14T16:13:16","slug":"por-tombola-morena-insaculara-candidaturas-de-regidoras-y-regidores-en-planillas-de-84-de-los-212-municipios-del-estado","status":"publish","type":"post","link":"https:\/\/bambapolitica.com.mx\/index.php\/2025\/03\/14\/por-tombola-morena-insaculara-candidaturas-de-regidoras-y-regidores-en-planillas-de-84-de-los-212-municipios-del-estado\/","title":{"rendered":"Por t\u00f3mbola, Morena insacular\u00e1 candidaturas de regidoras y regidores en planillas de 84 de los 212 municipios del estado"},"content":{"rendered":"\n<p>14\/ Marzo\/ 2024<\/p>\n\n\n\n<p>Durante tres d\u00edas consecutivos, el Consejo Nacional de Morena realizar\u00e1 el proceso de insaculaci\u00f3n de las candidaturas de regidoras y regidores que integrar\u00e1n las planillas de 84 de los 212 municipios del estado de Veracruz. <\/p>\n\n\n\n<p>De acuerdo con la presidenta nacional de Morena, Luisa Mar\u00eda Alcalde Luj\u00e1n, los municipios tienen entre tres y 13 regidur\u00edas, lo que suma un total de 122 candidaturas que ser\u00e1n seleccionadas mediante una t\u00f3mbola en estos tres d\u00edas. El sorteo, explic\u00f3, solo aplicar\u00e1 a 84 de los 212 municipios de Veracruz. <\/p>\n\n\n\n<p>Se sortear\u00e1n una, dos o tres regidur\u00edas entre la militancia; el resto de la planilla ser\u00e1 seleccionada por la dirigencia de Morena para registrarlas ante el Organismo P\u00fablico Local Electoral (OPLE). Alcalde Luj\u00e1n agreg\u00f3 que, en el resto de los municipios, que son 118, las candidaturas a regidoras y regidoras ser\u00e1n asignadas por la dirigencia estatal de Morena en Veracruz, que se encuentra a cargo de Esteban Ram\u00edrez Zepeta. El 1 de junio se votar\u00e1 para elegir a 212 alcaldes y s\u00edndicos. Los votos que obtenga cada partido permitir\u00e1n la elecci\u00f3n de 560 regidores. En el caso de Veracruz, los municipios cuentan con uno y hasta 13 regidoras y regidores por ayuntamiento. Durante la insaculaci\u00f3n de Morena, se seleccionaron desde 10 y hasta 20 militantes por cada municipio para garantizar la paridad de hombres y mujeres. Se les invitar\u00e1 de acuerdo con el orden de prelaci\u00f3n, para que se sumen a la planilla; si los militantes no aceptan, se buscar\u00e1 al siguiente en el orden de la lista. Las regidur\u00edas que se sortearon son las n\u00famero dos y cinco en los municipios m\u00e1s grandes y la dos en las demarcaciones con menos representantes populares. D\u00eda uno de insaculaci\u00f3n.<\/p>\n\n\n\n<p> Este 12 de marzo fueron elegidas las candidaturas a las regidur\u00edas de 20 municipios, entre ellos algunos de los m\u00e1s grandes del estado, como Alvarado, Boca del R\u00edo y Acayucan. En Boca del R\u00edo, hombres: H\u00e9ctor Z\u00fa\u00f1iga Solorzano, Jes\u00fas Acu\u00f1a Rojas, Gregorio Flores San Mart\u00edn, Osvaldo Casta\u00f1eda Garc\u00eda, Anivar Mayen Oca\u00f1a, \u00c1ngel S\u00e1nchez Su\u00e1rez, Omar Cano Aquino, Luis Daniel Mej\u00eda L\u00f3pez, Manuel Reyes Cuenca, Ricardo Garzon Islas. Mujeres: Rub\u00ed Elvira Ochoa, Alejandra Aguilar Izaguirre, Gregoria L\u00f3pez Elviras, Vianey Portela Le\u00f3n, Marcela P\u00e9rez Malerva, Nelly Caamal L\u00f3pez, Selene del Amor Mart\u00ednez Garc\u00eda, Fernanda Salom\u00f3n Arano, Lucy Joaquina Rodr\u00edguez Parra y Mar\u00eda Eugenia Rivera Salas. Alvarado, hombres: Fernando Garc\u00eda Carlos, Jorge Men\u00e9ndez Jan, Cornelio Pareja Lara, Francisco Javier Zamudio Cano, Eduardo Granda Cano, Daniel Graciada Garc\u00eda, Angel Joaqu\u00edn Zamudio Vichy, Jos\u00e9 Luis Guzm\u00e1n Romero, Carlos Humberto Cortes, Edgar Ruiz Figueroa. Mujeres: Mart\u00ednez Figueroa Ana Lu, Guill\u00e9n Alfonso Martina, Ruiz Paxti\u00e1n Cristina, Figueroa Zarate Lucila, P\u00e9rez Lozano Isabel, Rasc\u00f3n Cazares Yisel, Camarero Antonio Carmen, Mart\u00ednez Villaseca Luz del Carmen, Delgado Corro Nayeli del Rosario y Jim\u00e9nez Garc\u00eda Mar\u00eda Isabel. Acayucan: hombres: Donato R\u00edos Ramos, Carlos Cruz P\u00e9rez, Edgar Alejandro Mendoza S\u00e1nchez, Santos Pablo Cervantes, Antonio G\u00f3mez Ram\u00edrez, Carlos Germani Quinto Soto, Braulio Ra\u00fal Rubio Flores, Sim\u00f3n Gonz\u00e1lez Basurto, Mat\u00edas Mendoza Ixba y Vladimir Alfonso G\u00f3mez L\u00f3pez.<\/p>\n","protected":false},"excerpt":{"rendered":"<p>14\/ Marzo\/ 2024 Durante tres d\u00edas consecutivos, el Consejo Nacional de Morena realizar\u00e1 el proceso&#8230;<\/p>\n","protected":false},"author":3,"featured_media":82225,"comment_status":"closed","ping_status":"closed","sticky":false,"template":"","format":"standard","meta":{"footnotes":""},"categories":[4],"tags":[],"class_list":["post-82224","post","type-post","status-publish","format-standard","has-post-thumbnail","hentry","category-noticias-del-dia"],"_links":{"self":[{"href":"https:\/\/bambapolitica.com.mx\/index.php\/wp-json\/wp\/v2\/posts\/82224","targetHints":{"allow":["GET"]}}],"collection":[{"href":"https:\/\/bambapolitica.com.mx\/index.php\/wp-json\/wp\/v2\/posts"}],"about":[{"href":"https:\/\/bambapolitica.com.mx\/index.php\/wp-json\/wp\/v2\/types\/post"}],"author":[{"embeddable":true,"href":"https:\/\/bambapolitica.com.mx\/index.php\/wp-json\/wp\/v2\/users\/3"}],"replies":[{"embeddable":true,"href":"https:\/\/bambapolitica.com.mx\/index.php\/wp-json\/wp\/v2\/comments?post=82224"}],"version-history":[{"count":1,"href":"https:\/\/bambapolitica.com.mx\/index.php\/wp-json\/wp\/v2\/posts\/82224\/revisions"}],"predecessor-version":[{"id":82226,"href":"https:\/\/bambapolitica.com.mx\/index.php\/wp-json\/wp\/v2\/posts\/82224\/revisions\/82226"}],"wp:featuredmedia":[{"embeddable":true,"href":"https:\/\/bambapolitica.com.mx\/index.php\/wp-json\/wp\/v2\/media\/82225"}],"wp:attachment":[{"href":"https:\/\/bambapolitica.com.mx\/index.php\/wp-json\/wp\/v2\/media?parent=82224"}],"wp:term":[{"taxonomy":"category","embeddable":true,"href":"https:\/\/bambapolitica.com.mx\/index.php\/wp-json\/wp\/v2\/categories?post=82224"},{"taxonomy":"post_tag","embeddable":true,"href":"https:\/\/bambapolitica.com.mx\/index.php\/wp-json\/wp\/v2\/tags?post=82224"}],"curies":[{"name":"wp","href":"https:\/\/api.w.org\/{rel}","templated":true}]}}