{"id":82403,"date":"2025-03-25T14:01:55","date_gmt":"2025-03-25T20:01:55","guid":{"rendered":"https:\/\/bambapolitica.com.mx\/?p=82403"},"modified":"2025-03-25T14:02:01","modified_gmt":"2025-03-25T20:02:01","slug":"se-entregan-voluntariamente-dos-adolescentes-presuntos-responsables-del-homicidio-de-un-nino-de-12-anos-en-otumba","status":"publish","type":"post","link":"https:\/\/bambapolitica.com.mx\/index.php\/2025\/03\/25\/se-entregan-voluntariamente-dos-adolescentes-presuntos-responsables-del-homicidio-de-un-nino-de-12-anos-en-otumba\/","title":{"rendered":"SE ENTREGAN VOLUNTARIAMENTE DOS ADOLESCENTES, PRESUNTOS RESPONSABLES DEL HOMICIDIO DE UN NI\u00d1O DE 12 A\u00d1OS EN OTUMBA."},"content":{"rendered":"\n<p>25\/marzo\/2025<\/p>\n\n\n\n<p>El pasado viernes en la cabecera municipal de Otumba, en el Estado de M\u00e9xico, Israel Ch\u00e1vez Ram\u00edrez, un ni\u00f1o de 12 a\u00f1os, perdi\u00f3 la vida cuando se dirig\u00eda al circo con sus amigos, una bala perdida impact\u00f3 en su cabeza.<\/p>\n\n\n\n<p>Seg\u00fan testigos, desde el interior de una camioneta color gris, en marcha, realizaron disparos al aire en repetidas ocasiones, uno de esos proyectiles, le arrebat\u00f3 la vida a Israel.<\/p>\n\n\n\n<p>En relaci\u00f3n a estos hechos, el d\u00eda de ayer un adolescente de 17 a\u00f1os se present\u00f3 voluntariamente a entregarse a las autoridades ministeriales.<\/p>\n\n\n\n<p>El d\u00eda de hoy otro joven de 17 a\u00f1os, tambi\u00e9n acudi\u00f3 a presentarse voluntariamente ante el Agente del Ministerio P\u00fablico quien recab\u00f3 su declaraci\u00f3n.<\/p>\n\n\n\n<p>Con ello, son dos adolescentes los que han accedido a presentarse en la Fiscal\u00eda especializada en delitos cometidos por adolescentes, mencionando haber accionado armas de fuego esa noche, por lo que la Fiscal\u00eda contin\u00faa con actos de investigaci\u00f3n para el esclarecimiento de estos hechos.<\/p>\n","protected":false},"excerpt":{"rendered":"<p>25\/marzo\/2025 El pasado viernes en la cabecera municipal de Otumba, en el Estado de M\u00e9xico,&#8230;<\/p>\n","protected":false},"author":3,"featured_media":82404,"comment_status":"closed","ping_status":"closed","sticky":false,"template":"","format":"standard","meta":{"footnotes":""},"categories":[4],"tags":[],"class_list":["post-82403","post","type-post","status-publish","format-standard","has-post-thumbnail","hentry","category-noticias-del-dia"],"_links":{"self":[{"href":"https:\/\/bambapolitica.com.mx\/index.php\/wp-json\/wp\/v2\/posts\/82403","targetHints":{"allow":["GET"]}}],"collection":[{"href":"https:\/\/bambapolitica.com.mx\/index.php\/wp-json\/wp\/v2\/posts"}],"about":[{"href":"https:\/\/bambapolitica.com.mx\/index.php\/wp-json\/wp\/v2\/types\/post"}],"author":[{"embeddable":true,"href":"https:\/\/bambapolitica.com.mx\/index.php\/wp-json\/wp\/v2\/users\/3"}],"replies":[{"embeddable":true,"href":"https:\/\/bambapolitica.com.mx\/index.php\/wp-json\/wp\/v2\/comments?post=82403"}],"version-history":[{"count":1,"href":"https:\/\/bambapolitica.com.mx\/index.php\/wp-json\/wp\/v2\/posts\/82403\/revisions"}],"predecessor-version":[{"id":82405,"href":"https:\/\/bambapolitica.com.mx\/index.php\/wp-json\/wp\/v2\/posts\/82403\/revisions\/82405"}],"wp:featuredmedia":[{"embeddable":true,"href":"https:\/\/bambapolitica.com.mx\/index.php\/wp-json\/wp\/v2\/media\/82404"}],"wp:attachment":[{"href":"https:\/\/bambapolitica.com.mx\/index.php\/wp-json\/wp\/v2\/media?parent=82403"}],"wp:term":[{"taxonomy":"category","embeddable":true,"href":"https:\/\/bambapolitica.com.mx\/index.php\/wp-json\/wp\/v2\/categories?post=82403"},{"taxonomy":"post_tag","embeddable":true,"href":"https:\/\/bambapolitica.com.mx\/index.php\/wp-json\/wp\/v2\/tags?post=82403"}],"curies":[{"name":"wp","href":"https:\/\/api.w.org\/{rel}","templated":true}]}}