{"id":82406,"date":"2025-03-26T10:35:36","date_gmt":"2025-03-26T16:35:36","guid":{"rendered":"https:\/\/bambapolitica.com.mx\/?p=82406"},"modified":"2025-03-26T10:35:41","modified_gmt":"2025-03-26T16:35:41","slug":"15-lesionados-tras-volcadura-de-unidad-de-transporte-publico-sobre-la-mexico-puebla-trafico-lento","status":"publish","type":"post","link":"https:\/\/bambapolitica.com.mx\/index.php\/2025\/03\/26\/15-lesionados-tras-volcadura-de-unidad-de-transporte-publico-sobre-la-mexico-puebla-trafico-lento\/","title":{"rendered":"15 LESIONADOS TRAS VOLCADURA DE UNIDAD DE TRANSPORTE P\u00daBLICO SOBRE LA M\u00c9XICO- PUEBLA; TR\u00c1FICO LENTO"},"content":{"rendered":"\n<p>26\/marzo\/2025<\/p>\n\n\n\n<p>Un accidente en la autopista M\u00e9xico-Puebla, direcci\u00f3n Chalco, dej\u00f3 15 lesionados y caus\u00f3 tr\u00e1fico lento en la zona, luego de que una unidad de transporte p\u00fablico volcara.<\/p>\n\n\n\n<p>Seg\u00fan informes de las autoridades, el accidente ocurri\u00f3 en el kil\u00f3metro 22 de la autopista, cerca de la parada de La Virgen, cuando una camioneta del servicio colectivo se volc\u00f3 despu\u00e9s de que el ch\u00f3fer perdi\u00f3 el equilibrio.<\/p>\n\n\n\n<p>La unidad de transporte p\u00fablico estaba bajando la parada de La Virgen cuando se produjo el accidente, que dej\u00f3 varios pasajeros lesionados.<\/p>\n\n\n\n<p>Unidades de emergencia y polic\u00edas llegaron r\u00e1pidamente al lugar para atender a los heridos y controlar el tr\u00e1fico, que se hab\u00eda vuelto lento en la zona.<\/p>\n\n\n\n<p>Seg\u00fan la lista de lesionados proporcionada por las autoridades, los afectados son:<\/p>\n\n\n\n<p>\u2013 Rafael Oscar Guti\u00e9rrez Guti\u00e9rrez, 58 a\u00f1os<br>\u2013 Mar\u00eda Concepci\u00f3n Medina Ruiz, 63 a\u00f1os<br>\u2013 Lucero Guadalupe Bautista Bouzas, 58 a\u00f1os<br>\u2013 Graciela D\u00e1vila Padilla, 57 a\u00f1os<br>\u2013 Ver\u00f3nica Torres Garrido, 37 a\u00f1os<br>\u2013 Mar\u00eda Paula Dom\u00ednguez Dom\u00ednguez, 44 a\u00f1os<br>\u2013 Rosa Isla Alejandra Casta\u00f1uelas Mateo, 31 a\u00f1os<br>\u2013 Arely Ayame Mar\u00edn Salinas, 34 a\u00f1os<br>\u2013 Marco Antonio Hern\u00e1ndez Rodr\u00edguez, 58 a\u00f1os<br>\u2013 Carlos Fern\u00e1ndez Rodr\u00edguez, 63 a\u00f1os<br>\u2013 Pamela Ch\u00e1vez Carrasco, 27 a\u00f1os<br>\u2013 Omar Hern\u00e1ndez Bautista, 28 a\u00f1os<br>\u2013 Juan Antonio Esquivel Hern\u00e1ndez, 19 a\u00f1os<br>\u2013 Hannia Mart\u00ednez M\u00e9ndez, 24 a\u00f1os<br>\u2013 Jos\u00e9 de Jes\u00fas Delgado Cortez, 37 a\u00f1os<\/p>\n\n\n\n<p>El tr\u00e1fico en la autopista M\u00e9xico-Puebla sigue siendo lento, especialmente en el sentido Chalco, debido a la presencia de unidades de emergencia y polic\u00edas en el lugar del accidente.<\/p>\n\n\n\n<p><\/p>\n","protected":false},"excerpt":{"rendered":"<p>26\/marzo\/2025 Un accidente en la autopista M\u00e9xico-Puebla, direcci\u00f3n Chalco, dej\u00f3 15 lesionados y caus\u00f3 tr\u00e1fico&#8230;<\/p>\n","protected":false},"author":3,"featured_media":82407,"comment_status":"closed","ping_status":"closed","sticky":false,"template":"","format":"standard","meta":{"footnotes":""},"categories":[4],"tags":[],"class_list":["post-82406","post","type-post","status-publish","format-standard","has-post-thumbnail","hentry","category-noticias-del-dia"],"_links":{"self":[{"href":"https:\/\/bambapolitica.com.mx\/index.php\/wp-json\/wp\/v2\/posts\/82406","targetHints":{"allow":["GET"]}}],"collection":[{"href":"https:\/\/bambapolitica.com.mx\/index.php\/wp-json\/wp\/v2\/posts"}],"about":[{"href":"https:\/\/bambapolitica.com.mx\/index.php\/wp-json\/wp\/v2\/types\/post"}],"author":[{"embeddable":true,"href":"https:\/\/bambapolitica.com.mx\/index.php\/wp-json\/wp\/v2\/users\/3"}],"replies":[{"embeddable":true,"href":"https:\/\/bambapolitica.com.mx\/index.php\/wp-json\/wp\/v2\/comments?post=82406"}],"version-history":[{"count":1,"href":"https:\/\/bambapolitica.com.mx\/index.php\/wp-json\/wp\/v2\/posts\/82406\/revisions"}],"predecessor-version":[{"id":82408,"href":"https:\/\/bambapolitica.com.mx\/index.php\/wp-json\/wp\/v2\/posts\/82406\/revisions\/82408"}],"wp:featuredmedia":[{"embeddable":true,"href":"https:\/\/bambapolitica.com.mx\/index.php\/wp-json\/wp\/v2\/media\/82407"}],"wp:attachment":[{"href":"https:\/\/bambapolitica.com.mx\/index.php\/wp-json\/wp\/v2\/media?parent=82406"}],"wp:term":[{"taxonomy":"category","embeddable":true,"href":"https:\/\/bambapolitica.com.mx\/index.php\/wp-json\/wp\/v2\/categories?post=82406"},{"taxonomy":"post_tag","embeddable":true,"href":"https:\/\/bambapolitica.com.mx\/index.php\/wp-json\/wp\/v2\/tags?post=82406"}],"curies":[{"name":"wp","href":"https:\/\/api.w.org\/{rel}","templated":true}]}}