{"id":82409,"date":"2025-03-26T10:39:28","date_gmt":"2025-03-26T16:39:28","guid":{"rendered":"https:\/\/bambapolitica.com.mx\/?p=82409"},"modified":"2025-03-26T10:39:40","modified_gmt":"2025-03-26T16:39:40","slug":"continua-operacion-enjambre-en-edomex-y-detienen-a-ex-mando-policial-de-chicoloapan-acusado-de-extorsion","status":"publish","type":"post","link":"https:\/\/bambapolitica.com.mx\/index.php\/2025\/03\/26\/continua-operacion-enjambre-en-edomex-y-detienen-a-ex-mando-policial-de-chicoloapan-acusado-de-extorsion\/","title":{"rendered":"CONTINUA OPERACI\u00d3N ENJAMBRE EN EDOM\u00c9X Y DETIENEN A EX MANDO POLICIAL DE CHICOLOAPAN ACUSADO DE EXTORSI\u00d3N"},"content":{"rendered":"\n<p>26\/marzo\/2025<\/p>\n\n\n\n<p>Personal de Fuerza de Tarea de la Secretar\u00eda de Marina y polic\u00edas de la Direcci\u00f3n General de Seguridad Ciudadana y Tr\u00e1nsito de Ecatepec apoyaron la ejecuci\u00f3n de una orden de aprehensi\u00f3n contra un ex mando policiaco de Chicoloapan, acusado por el delito de extorsi\u00f3n con modificativa agravante por ser un miembro de una instituci\u00f3n de seguridad p\u00fablica, como parte de la llamada Operaci\u00f3n Enjambre.<\/p>\n\n\n\n<p>Los elementos de ambas instituciones, que trabajan de manera conjunta en el municipio de Ecatepec, colaboraron con personal de la Fiscal\u00eda de Justicia del Estado de M\u00e9xico y brindaron seguridad perimetral mientras se realizaba la diligencia cuyo n\u00famero es 000059\/2025 con causa penal 259\/2025.<\/p>\n\n\n\n<p>Oscar Daniel \u201cN\u201d, de 34 a\u00f1os de edad, ex subdirector de la polic\u00eda municipal de Chicoloapan, fue se\u00f1alado como probable participante en el delito de extorsi\u00f3n con modificativa agravante por haberse cometido por un miembro de una instituci\u00f3n de seguridad p\u00fablica, con violencia e intimidaci\u00f3n.<\/p>\n\n\n\n<p>Ante este hecho se cumpliment\u00f3 la orden NEZ\/NEZ\/FCC\/024\/308552\/24\/10, en calles de Ejidos de Santa Mar\u00eda Chiconautla, en Ecatepec.<\/p>\n\n\n\n<p>El detenido fue presentado en el Centro Penitenciario de Reinserci\u00f3n Social de Texcoco, conocido como Reclusorio Molino de Las Flores.<\/p>\n\n\n\n<p>Este tipo de acciones operativas de los marinos y polic\u00edas municipales est\u00e1n dise\u00f1adas para dar continuidad con la Operaci\u00f3n Enjambre.<\/p>\n\n\n\n<p><\/p>\n","protected":false},"excerpt":{"rendered":"<p>26\/marzo\/2025 Personal de Fuerza de Tarea de la Secretar\u00eda de Marina y polic\u00edas de la&#8230;<\/p>\n","protected":false},"author":3,"featured_media":82410,"comment_status":"closed","ping_status":"closed","sticky":false,"template":"","format":"standard","meta":{"footnotes":""},"categories":[4],"tags":[],"class_list":["post-82409","post","type-post","status-publish","format-standard","has-post-thumbnail","hentry","category-noticias-del-dia"],"_links":{"self":[{"href":"https:\/\/bambapolitica.com.mx\/index.php\/wp-json\/wp\/v2\/posts\/82409","targetHints":{"allow":["GET"]}}],"collection":[{"href":"https:\/\/bambapolitica.com.mx\/index.php\/wp-json\/wp\/v2\/posts"}],"about":[{"href":"https:\/\/bambapolitica.com.mx\/index.php\/wp-json\/wp\/v2\/types\/post"}],"author":[{"embeddable":true,"href":"https:\/\/bambapolitica.com.mx\/index.php\/wp-json\/wp\/v2\/users\/3"}],"replies":[{"embeddable":true,"href":"https:\/\/bambapolitica.com.mx\/index.php\/wp-json\/wp\/v2\/comments?post=82409"}],"version-history":[{"count":1,"href":"https:\/\/bambapolitica.com.mx\/index.php\/wp-json\/wp\/v2\/posts\/82409\/revisions"}],"predecessor-version":[{"id":82411,"href":"https:\/\/bambapolitica.com.mx\/index.php\/wp-json\/wp\/v2\/posts\/82409\/revisions\/82411"}],"wp:featuredmedia":[{"embeddable":true,"href":"https:\/\/bambapolitica.com.mx\/index.php\/wp-json\/wp\/v2\/media\/82410"}],"wp:attachment":[{"href":"https:\/\/bambapolitica.com.mx\/index.php\/wp-json\/wp\/v2\/media?parent=82409"}],"wp:term":[{"taxonomy":"category","embeddable":true,"href":"https:\/\/bambapolitica.com.mx\/index.php\/wp-json\/wp\/v2\/categories?post=82409"},{"taxonomy":"post_tag","embeddable":true,"href":"https:\/\/bambapolitica.com.mx\/index.php\/wp-json\/wp\/v2\/tags?post=82409"}],"curies":[{"name":"wp","href":"https:\/\/api.w.org\/{rel}","templated":true}]}}