{"id":82426,"date":"2025-03-27T10:31:32","date_gmt":"2025-03-27T16:31:32","guid":{"rendered":"https:\/\/bambapolitica.com.mx\/?p=82426"},"modified":"2025-03-27T10:31:37","modified_gmt":"2025-03-27T16:31:37","slug":"chalco-en-el-tercer-foro-de-periodistas-proponen-cedula-de-identidad","status":"publish","type":"post","link":"https:\/\/bambapolitica.com.mx\/index.php\/2025\/03\/27\/chalco-en-el-tercer-foro-de-periodistas-proponen-cedula-de-identidad\/","title":{"rendered":"CHALCO: EN EL TERCER FORO DE PERIODISTAS, PROPONEN C\u00c9DULA DE IDENTIDAD"},"content":{"rendered":"\n<p>27\/marzo\/2025<\/p>\n\n\n\n<p>En este foro se discuti\u00f3 la propuesta de crear una c\u00e9dula de identidad para los periodistas en el Estado de M\u00e9xico, un documento que podr\u00eda convertirse en un modelo a nivel nacional.<\/p>\n\n\n\n<p>-El Centro Cultural \u00c1gora en el municipio de Chalco de D\u00edaz Covarrubias fue el escenario para la celebraci\u00f3n del \u00abTercer Foro de An\u00e1lisis de Reformas a la Ley de Protecci\u00f3n a Periodistas y Defensores de Derechos Humanos\u00bb, un evento organizado por la iniciativa 100 Periodistas por el Estado de M\u00e9xico. Este foro reuni\u00f3 a periodistas, defensores de derechos humanos, autoridades locales y organizaciones civiles, con el objetivo de reflexionar sobre las modificaciones necesarias para mejorar la ley vigente y garantizar la seguridad y los derechos de quienes ejercen estas profesiones en el Estado de M\u00e9xico.<\/p>\n\n\n\n<p>La jornada comenz\u00f3 con las palabras de bienvenida de la Licenciada Abigail S\u00e1nchez Mart\u00ednez, presidente municipal de Chalco de D\u00edaz, quien destac\u00f3 la importancia de este tipo de foros para el fortalecimiento del estado de derecho y la protecci\u00f3n de los periodistas y defensores de derechos humanos. A continuaci\u00f3n, Luis Miguel Loaiza Tavera, editor del portal Horizonte Mexiquense y representante de la iniciativa 100 Periodistas por el Estado de M\u00e9xico, present\u00f3 la exposici\u00f3n de motivos del foro, subrayando la necesidad de avanzar hacia una reforma legislativa integral que distinga claramente entre los derechos y obligaciones de periodistas y defensores de derechos humanos.<\/p>\n\n\n\n<p>Uno de los mensajes m\u00e1s relevantes fue el llamado a la unidad del gremio period\u00edstico, resaltando el arduo trabajo realizado durante m\u00e1s de tres d\u00e9cadas de luchas y negociaciones para lograr una legislaci\u00f3n adecuada. A pesar de la aprobaci\u00f3n de la ley en mayo de 2021, los participantes coincidieron en que la norma a\u00fan no cubre las necesidades reales del sector, por lo que buscan modificaciones puntuales a diversos art\u00edculos para que los beneficios de la ley lleguen efectivamente a quienes los requieren.<\/p>\n\n\n\n<p>El foro tambi\u00e9n destac\u00f3 el trabajo constante de periodistas y organizaciones en la construcci\u00f3n de su propia historia de lucha. En este sentido, se mencionaron las estad\u00edsticas alarmantes de la violencia contra los periodistas en M\u00e9xico, con 171 periodistas asesinados desde el a\u00f1o 2000, seg\u00fan Art\u00edculo 19, y un aumento significativo de estos cr\u00edmenes entre 2017 y 2022. Se hizo un llamado a la responsabilidad social de los medios de comunicaci\u00f3n y a la preparaci\u00f3n adecuada de los cuerpos de seguridad p\u00fablica para garantizar el respeto a la labor informativa.<\/p>\n\n\n\n<p>Uno de los temas centrales fue la diferenciaci\u00f3n entre periodistas y defensores de derechos humanos, abordado por Gabriela Hern\u00e1ndez Y\u00e1\u00f1ez, directora del portal Reportando en Minutos, y Mario Andr\u00e9s Hurtado, asesor en pol\u00edticas p\u00fablicas de Espacio OSC. Ambos subrayaron la necesidad de que la ley estatal haga esta distinci\u00f3n, lo que permitir\u00eda una mejor protecci\u00f3n para cada grupo, seg\u00fan sus respectivas funciones sociales. Asimismo, se discuti\u00f3 la propuesta de crear una c\u00e9dula de identidad para los periodistas en el Estado de M\u00e9xico, un documento que podr\u00eda convertirse en un modelo a nivel nacional.<\/p>\n\n\n\n<p>Este foro tambi\u00e9n sirvi\u00f3 como plataforma para promover la capacitaci\u00f3n de los periodistas, especialmente en el uso de nuevas tecnolog\u00edas como la inteligencia artificial, que se presentaron como herramientas clave para enfrentar los retos del futuro. En cuanto a la seguridad, se mencion\u00f3 la necesidad de establecer un sistema m\u00e1s eficaz de protecci\u00f3n, incluyendo la creaci\u00f3n de un software y una aplicaci\u00f3n para la c\u00e9dula de identidad period\u00edstica, que ser\u00eda parte de un protocolo m\u00e1s amplio de seguridad y protecci\u00f3n en el estado.<\/p>\n\n\n\n<p>En su intervenci\u00f3n, el Maestro Luis Miguel Carriedo T\u00e9llez, del Mecanismo de Protecci\u00f3n a Periodistas y Defensores de los Derechos Humanos, destac\u00f3 los avances logrados a partir de los foros anteriores, como la inscripci\u00f3n de 55 personas en un curso gratuito de inteligencia artificial y la eliminaci\u00f3n del delito de ultraje del C\u00f3digo Penal del Estado de M\u00e9xico, lo cual ha sido una medida positiva para prevenir agresiones hacia los periodistas.<\/p>\n\n\n\n<p>El foro cont\u00f3 tambi\u00e9n con la presencia de destacados ponentes como el Maestro Teodoro Renter\u00eda Arroyave, presidente honor\u00edfico de la Federaci\u00f3n de Asociaciones de Periodistas de M\u00e9xico, as\u00ed como la asistencia de Mar\u00eda Guadalupe S\u00e1nchez Montes de Oca, directora regional de Comunicaci\u00f3n Social del Gobierno del Estado de M\u00e9xico, quien asisti\u00f3 en representaci\u00f3n de la gobernadora Delfina G\u00f3mez.<\/p>\n\n\n\n<p>Durante las conclusiones, se enfatiz\u00f3 la importancia de seguir trabajando de manera coordinada entre el gremio period\u00edstico y las organizaciones de defensa de los derechos humanos para lograr una reforma sustantiva en la ley que garantice una mejor protecci\u00f3n y bienestar para los periodistas. Este esfuerzo conjunto tiene como objetivo presentar una propuesta a la gobernadora Delfina G\u00f3mez \u00c1lvarez para ser considerada en el segundo periodo de sesiones de la LXII Legislatura del Estado de M\u00e9xico en septiembre de 2025.<\/p>\n\n\n\n<p>El evento, hist\u00f3rico para la regi\u00f3n Oriente del Estado de M\u00e9xico, culmin\u00f3 con un mensaje de Alejandro Carrillo, director del Portal P\u00e9nduloonline e impulsor se la iniciativa para continuar por el camino de unidad y el compromiso de los periodistas de seguir escribiendo una nueva historia de lucha y defensa de la libertad de expresi\u00f3n y los derechos humanos en la entidad.<\/p>\n","protected":false},"excerpt":{"rendered":"<p>27\/marzo\/2025 En este foro se discuti\u00f3 la propuesta de crear una c\u00e9dula de identidad para&#8230;<\/p>\n","protected":false},"author":3,"featured_media":82427,"comment_status":"closed","ping_status":"closed","sticky":false,"template":"","format":"standard","meta":{"footnotes":""},"categories":[4],"tags":[],"class_list":["post-82426","post","type-post","status-publish","format-standard","has-post-thumbnail","hentry","category-noticias-del-dia"],"_links":{"self":[{"href":"https:\/\/bambapolitica.com.mx\/index.php\/wp-json\/wp\/v2\/posts\/82426","targetHints":{"allow":["GET"]}}],"collection":[{"href":"https:\/\/bambapolitica.com.mx\/index.php\/wp-json\/wp\/v2\/posts"}],"about":[{"href":"https:\/\/bambapolitica.com.mx\/index.php\/wp-json\/wp\/v2\/types\/post"}],"author":[{"embeddable":true,"href":"https:\/\/bambapolitica.com.mx\/index.php\/wp-json\/wp\/v2\/users\/3"}],"replies":[{"embeddable":true,"href":"https:\/\/bambapolitica.com.mx\/index.php\/wp-json\/wp\/v2\/comments?post=82426"}],"version-history":[{"count":1,"href":"https:\/\/bambapolitica.com.mx\/index.php\/wp-json\/wp\/v2\/posts\/82426\/revisions"}],"predecessor-version":[{"id":82428,"href":"https:\/\/bambapolitica.com.mx\/index.php\/wp-json\/wp\/v2\/posts\/82426\/revisions\/82428"}],"wp:featuredmedia":[{"embeddable":true,"href":"https:\/\/bambapolitica.com.mx\/index.php\/wp-json\/wp\/v2\/media\/82427"}],"wp:attachment":[{"href":"https:\/\/bambapolitica.com.mx\/index.php\/wp-json\/wp\/v2\/media?parent=82426"}],"wp:term":[{"taxonomy":"category","embeddable":true,"href":"https:\/\/bambapolitica.com.mx\/index.php\/wp-json\/wp\/v2\/categories?post=82426"},{"taxonomy":"post_tag","embeddable":true,"href":"https:\/\/bambapolitica.com.mx\/index.php\/wp-json\/wp\/v2\/tags?post=82426"}],"curies":[{"name":"wp","href":"https:\/\/api.w.org\/{rel}","templated":true}]}}