{"id":82432,"date":"2025-03-27T11:01:51","date_gmt":"2025-03-27T17:01:51","guid":{"rendered":"https:\/\/bambapolitica.com.mx\/?p=82432"},"modified":"2025-03-27T11:01:56","modified_gmt":"2025-03-27T17:01:56","slug":"detienen-a-pareja-por-feminicidio-en-chalco-habrian-estrangulado-a-una-mujer-en-una-posada","status":"publish","type":"post","link":"https:\/\/bambapolitica.com.mx\/index.php\/2025\/03\/27\/detienen-a-pareja-por-feminicidio-en-chalco-habrian-estrangulado-a-una-mujer-en-una-posada\/","title":{"rendered":"Detienen a pareja por feminicidio en Chalco; habr\u00edan estrangulado a una mujer en una posada"},"content":{"rendered":"\n<p>27\/marzo\/2025<\/p>\n\n\n\n<p>Chalco sigue bajo alerta de g\u00e9nero: otra mujer asesinada, y hay dos detenidos<\/p>\n\n\n\n<p>uan \u201cN\u201d y Reyna \u201cN\u201d, se\u00f1alados por su probable intervenci\u00f3n en el homicidio de una mujer de 35 a\u00f1os, quien fue hallada sin vida al interior de una habitaci\u00f3n, en una posada ubicada en el municipio de&nbsp;<a href=\"https:\/\/www.elgrafico.mx\/buscador\/?query=Chalco\/\">Chalco.<\/a><\/p>\n\n\n\n<p>Fue el pasado 7 de marzo cuando se realiz\u00f3 el hallazgo del cuerpo de Teresa al interior del inmueble referido, ubicado en la&nbsp;<strong>colonia La Bomba<\/strong>, en este municipio&nbsp;<a href=\"https:\/\/www.elgrafico.mx\/la-roja\/2025\/03\/25\/volcadura-de-combi-en-la-mexico-puebla-deja-15-lesionados\/\">mexiquense<\/a>.<\/p>\n\n\n\n<p>Seg\u00fan las investigaciones, se estableci\u00f3 que ese d\u00eda, la v\u00edctima, as\u00ed como los ahora detenidos, se encontraban en una habitaci\u00f3n de la posada, donde Juan \u201cN\u201d y Reyna \u201cN\u201d, la hab\u00edan agredido f\u00edsicamente y luego la estrangularon para lo cual utilizaron un lazo. Posteriormente los probables implicados huyeron del lugar.<\/p>\n\n\n\n<p>Hasta el momento no se ha detallado la causa que provoc\u00f3 la agresi\u00f3n y cobr\u00f3 la vida de la mujer.<\/p>\n\n\n\n<p>Tras los trabajos de investigaci\u00f3n, fue posible identificar a los presuntos implicados y un \u00d3rgano Jurisdiccional liber\u00f3 una orden de aprehensi\u00f3n en su contra.<\/p>\n\n\n\n<p>Por lo que agentes de la Polic\u00eda de Investigaci\u00f3n y elementos de la SSEM le dieron cumplimiento al ingresar a los detenidos al Centro Penitenciario y de Reinserci\u00f3n Social de Chalco.<\/p>\n\n\n\n<p>Desde el 2015 se declar\u00f3 alerta de g\u00e9nero por feminicidio en el municipio de Chalco, sin embargo, durante casi una d\u00e9cada los gobiernos en turno no han logrado contener en lo m\u00e1s m\u00ednimo la violencia en contra de las mujeres.<\/p>\n\n\n\n<p><\/p>\n","protected":false},"excerpt":{"rendered":"<p>27\/marzo\/2025 Chalco sigue bajo alerta de g\u00e9nero: otra mujer asesinada, y hay dos detenidos uan&#8230;<\/p>\n","protected":false},"author":3,"featured_media":82433,"comment_status":"closed","ping_status":"closed","sticky":false,"template":"","format":"standard","meta":{"footnotes":""},"categories":[4],"tags":[],"class_list":["post-82432","post","type-post","status-publish","format-standard","has-post-thumbnail","hentry","category-noticias-del-dia"],"_links":{"self":[{"href":"https:\/\/bambapolitica.com.mx\/index.php\/wp-json\/wp\/v2\/posts\/82432","targetHints":{"allow":["GET"]}}],"collection":[{"href":"https:\/\/bambapolitica.com.mx\/index.php\/wp-json\/wp\/v2\/posts"}],"about":[{"href":"https:\/\/bambapolitica.com.mx\/index.php\/wp-json\/wp\/v2\/types\/post"}],"author":[{"embeddable":true,"href":"https:\/\/bambapolitica.com.mx\/index.php\/wp-json\/wp\/v2\/users\/3"}],"replies":[{"embeddable":true,"href":"https:\/\/bambapolitica.com.mx\/index.php\/wp-json\/wp\/v2\/comments?post=82432"}],"version-history":[{"count":1,"href":"https:\/\/bambapolitica.com.mx\/index.php\/wp-json\/wp\/v2\/posts\/82432\/revisions"}],"predecessor-version":[{"id":82434,"href":"https:\/\/bambapolitica.com.mx\/index.php\/wp-json\/wp\/v2\/posts\/82432\/revisions\/82434"}],"wp:featuredmedia":[{"embeddable":true,"href":"https:\/\/bambapolitica.com.mx\/index.php\/wp-json\/wp\/v2\/media\/82433"}],"wp:attachment":[{"href":"https:\/\/bambapolitica.com.mx\/index.php\/wp-json\/wp\/v2\/media?parent=82432"}],"wp:term":[{"taxonomy":"category","embeddable":true,"href":"https:\/\/bambapolitica.com.mx\/index.php\/wp-json\/wp\/v2\/categories?post=82432"},{"taxonomy":"post_tag","embeddable":true,"href":"https:\/\/bambapolitica.com.mx\/index.php\/wp-json\/wp\/v2\/tags?post=82432"}],"curies":[{"name":"wp","href":"https:\/\/api.w.org\/{rel}","templated":true}]}}