{"id":82446,"date":"2025-03-28T10:55:53","date_gmt":"2025-03-28T16:55:53","guid":{"rendered":"https:\/\/bambapolitica.com.mx\/?p=82446"},"modified":"2025-03-28T10:55:57","modified_gmt":"2025-03-28T16:55:57","slug":"linea-11-del-trolebus-santa-martha-chalco-se-inaugurara-en-abril-pero-anuncia-cambio-de-ruta","status":"publish","type":"post","link":"https:\/\/bambapolitica.com.mx\/index.php\/2025\/03\/28\/linea-11-del-trolebus-santa-martha-chalco-se-inaugurara-en-abril-pero-anuncia-cambio-de-ruta\/","title":{"rendered":"L\u00ednea 11 del Troleb\u00fas Santa Martha &#8211; Chalco se inaugurar\u00e1 en abril, pero anuncia cambio de ruta"},"content":{"rendered":"\n<p>28\/marzo\/2025<\/p>\n\n\n\n<p>Las autoridades ya han anunciado a qu\u00e9 se debe la modificaci\u00f3n en la ruta<\/p>\n\n\n\n<p>La L\u00ednea 11 del&nbsp;<a href=\"https:\/\/www.elgrafico.mx\/al-dia\/2025\/01\/14\/servicio-transportes-electricos-cdmx-ofrece-trabajo-operador-trolebus-requisitos-prestaciones\/\">Troleb\u00fas,<\/a>&nbsp;o Troleb\u00fas Elevado,<strong>&nbsp;ruta Santa Martha \u2013 Chalco<\/strong>, iniciar\u00e1 operaciones este pr\u00f3ximo mes de abril, as\u00ed lo anunci\u00f3 la presidenta Claudia Sheinbaum a finales del 2024.<\/p>\n\n\n\n<p>Sin embargo, recientemente la mandataria mexicana inform\u00f3 que la ruta tendr\u00e1 algunas modificaciones, al momento de su inauguraci\u00f3n, debido a obras, espec\u00edficamente en la zona de&nbsp;<a href=\"https:\/\/www.elgrafico.mx\/la-roja\/2025\/03\/26\/detienen-a-pareja-por-feminicidio-en-chalco-habrian-estrangulado-a-una-mujer-en-una-posada\/\">Chalco,<\/a>&nbsp;por lo cual operar\u00e1 de forma parcial, sin realizar paradas en estaciones que ya han sido establecidas en el trayecto.<\/p>\n\n\n\n<h2 class=\"wp-block-heading\"><strong>\u00bfCu\u00e1les son las obras que modificar\u00e1n la ruta de la L\u00ednea 11 del Troleb\u00fas?<\/strong><\/h2>\n\n\n\n<p><strong>Claudia Sheinbaum<\/strong>\u00a0inform\u00f3 que se est\u00e1 construyendo un colector en una parte de la ruta, exactamente en donde las unidades del Troleb\u00fas ir\u00e1n a nivel de piso.<\/p>\n\n\n\n<p>La presidenta agreg\u00f3 que esta obra tiene como finalidad mejorar la calidad de las estaciones faltantes, brindando as\u00ed una mejor experiencia para los usuarios del Troleb\u00fas Elevando.<\/p>\n\n\n\n<p>Vale destacar que la colocaci\u00f3n del sistema de tuber\u00edas en parte del trayecto del Troleb\u00fas evitar\u00eda inundaciones en el trayecto, permitiendo un servicio m\u00e1s fluido y sin retrasos.<\/p>\n\n\n\n<h2 class=\"wp-block-heading\"><strong>\u00bfCu\u00e1l ser\u00e1 la ruta alterna que recorrer\u00eda el Troleb\u00fas Elevado?<\/strong><\/h2>\n\n\n\n<p>A pesar de que las autoridades han anunciado modificaciones en el trayecto del Troleb\u00fas no han revelado cu\u00e1l ser\u00e1 la ruta que tomar\u00e1n las unidades, sin embargo, se sabe que concluidas las obras del colector los trasportes correr\u00e1n por su ruta originalmente anunciada. La mandataria mexicana tambi\u00e9n mencion\u00f3 que la modificaci\u00f3n es posible debido a que estas unidades del Troleb\u00fas pueden trabajar sin estar conectadas permanentemente a una corriente.<\/p>\n\n\n\n<h2 class=\"wp-block-heading\"><strong>\u00bfCu\u00e1l es la ruta originalmente trazada de la L\u00ednea 11 del Troleb\u00fas?<\/strong><\/h2>\n\n\n\n<p>La L\u00ednea 11 del Troleb\u00fas se compondr\u00e1 de 2 terminales y 13 estaciones, de la siguiente forma:<\/p>\n\n\n\n<ol class=\"wp-block-list\">\n<li>Santa Marta<\/li>\n\n\n\n<li>Los Reyes<\/li>\n\n\n\n<li>La Caldera<\/li>\n\n\n\n<li>Apolocalco<\/li>\n\n\n\n<li>Eje 10<\/li>\n\n\n\n<li>Av. Cuauht\u00e9moc<\/li>\n\n\n\n<li>Puente Rojo<\/li>\n\n\n\n<li>Blanco<\/li>\n\n\n\n<li>Parque Tejones<\/li>\n\n\n\n<li>Oriente 50<\/li>\n\n\n\n<li>Vicente Guerrero<\/li>\n\n\n\n<li>Chalco Centro<\/li>\n\n\n\n<li>\u00a0Jos\u00e9 Mar\u00eda Mart\u00ednez<\/li>\n\n\n\n<li>Amalinalco<\/li>\n\n\n\n<li>Chalco<\/li>\n<\/ol>\n\n\n\n<p><br>La L\u00ednea 11 del&nbsp;<a href=\"https:\/\/www.elgrafico.mx\/al-dia\/2025\/01\/14\/servicio-transportes-electricos-cdmx-ofrece-trabajo-operador-trolebus-requisitos-prestaciones\/\">Troleb\u00fas,<\/a>&nbsp;o Troleb\u00fas Elevado,<strong>&nbsp;ruta Santa Martha \u2013 Chalco<\/strong>, iniciar\u00e1 operaciones este pr\u00f3ximo mes de abril, as\u00ed lo anunci\u00f3 la presidenta Claudia Sheinbaum a finales del 2024.<\/p>\n\n\n\n<p>Sin embargo, recientemente la mandataria mexicana inform\u00f3 que la ruta tendr\u00e1 algunas modificaciones, al momento de su inauguraci\u00f3n, debido a obras, espec\u00edficamente en la zona de&nbsp;<a href=\"https:\/\/www.elgrafico.mx\/la-roja\/2025\/03\/26\/detienen-a-pareja-por-feminicidio-en-chalco-habrian-estrangulado-a-una-mujer-en-una-posada\/\">Chalco,<\/a>&nbsp;por lo cual operar\u00e1 de forma parcial, sin realizar paradas en estaciones que ya han sido establecidas en el trayecto.<\/p>\n\n\n\n<h2 class=\"wp-block-heading\"><strong>\u00bfCu\u00e1les son las obras que modificar\u00e1n la ruta de la L\u00ednea 11 del Troleb\u00fas?<\/strong><\/h2>\n\n\n\n<p><strong>Claudia Sheinbaum<\/strong>&nbsp;inform\u00f3 que se est\u00e1 construyendo un colector en una parte de la ruta, exactamente en donde las unidades del Troleb\u00fas ir\u00e1n a nivel de piso.<\/p>\n\n\n\n<p>La presidenta agreg\u00f3 que esta obra tiene como finalidad mejorar la calidad de las estaciones faltantes, brindando as\u00ed una mejor experiencia para los usuarios del Troleb\u00fas Elevando.<\/p>\n\n\n\n<p>Vale destacar que la colocaci\u00f3n del sistema de tuber\u00edas en parte del trayecto del Troleb\u00fas evitar\u00eda inundaciones en el trayecto, permitiendo un servicio m\u00e1s fluido y sin retrasos.<\/p>\n\n\n\n<h2 class=\"wp-block-heading\"><strong>\u00bfCu\u00e1l ser\u00e1 la ruta alterna que recorrer\u00eda el Troleb\u00fas Elevado?<\/strong><\/h2>\n\n\n\n<p>A pesar de que las autoridades han anunciado modificaciones en el trayecto del Troleb\u00fas no han revelado cu\u00e1l ser\u00e1 la ruta que tomar\u00e1n las unidades, sin embargo, se sabe que concluidas las obras del colector los trasportes correr\u00e1n por su ruta originalmente anunciada. La mandataria mexicana tambi\u00e9n mencion\u00f3 que la modificaci\u00f3n es posible debido a que estas unidades del Troleb\u00fas pueden trabajar sin estar conectadas permanentemente a una corriente.<\/p>\n\n\n\n<h2 class=\"wp-block-heading\"><strong>Beneficiados har\u00e1n menos tiempo a su destino<\/strong><\/h2>\n\n\n\n<p>De acuerdo con las autoridades, el trayecto de la L\u00ednea 11 del Troleb\u00fas recorrer\u00e1 18 kil\u00f3metros de distancia en un tiempo estimado de 35 minutos a comparaci\u00f3n de las 2 horas que actualmente realizan pobladores mexiquenses hac\u00eda la CDMX, adem\u00e1s se estima que ser\u00e1n cerca de 3 millones de personas beneficiadas.<\/p>\n\n\n\n<p><\/p>\n","protected":false},"excerpt":{"rendered":"<p>28\/marzo\/2025 Las autoridades ya han anunciado a qu\u00e9 se debe la modificaci\u00f3n en la ruta&#8230;<\/p>\n","protected":false},"author":3,"featured_media":82447,"comment_status":"closed","ping_status":"closed","sticky":false,"template":"","format":"standard","meta":{"footnotes":""},"categories":[4],"tags":[],"class_list":["post-82446","post","type-post","status-publish","format-standard","has-post-thumbnail","hentry","category-noticias-del-dia"],"_links":{"self":[{"href":"https:\/\/bambapolitica.com.mx\/index.php\/wp-json\/wp\/v2\/posts\/82446","targetHints":{"allow":["GET"]}}],"collection":[{"href":"https:\/\/bambapolitica.com.mx\/index.php\/wp-json\/wp\/v2\/posts"}],"about":[{"href":"https:\/\/bambapolitica.com.mx\/index.php\/wp-json\/wp\/v2\/types\/post"}],"author":[{"embeddable":true,"href":"https:\/\/bambapolitica.com.mx\/index.php\/wp-json\/wp\/v2\/users\/3"}],"replies":[{"embeddable":true,"href":"https:\/\/bambapolitica.com.mx\/index.php\/wp-json\/wp\/v2\/comments?post=82446"}],"version-history":[{"count":1,"href":"https:\/\/bambapolitica.com.mx\/index.php\/wp-json\/wp\/v2\/posts\/82446\/revisions"}],"predecessor-version":[{"id":82448,"href":"https:\/\/bambapolitica.com.mx\/index.php\/wp-json\/wp\/v2\/posts\/82446\/revisions\/82448"}],"wp:featuredmedia":[{"embeddable":true,"href":"https:\/\/bambapolitica.com.mx\/index.php\/wp-json\/wp\/v2\/media\/82447"}],"wp:attachment":[{"href":"https:\/\/bambapolitica.com.mx\/index.php\/wp-json\/wp\/v2\/media?parent=82446"}],"wp:term":[{"taxonomy":"category","embeddable":true,"href":"https:\/\/bambapolitica.com.mx\/index.php\/wp-json\/wp\/v2\/categories?post=82446"},{"taxonomy":"post_tag","embeddable":true,"href":"https:\/\/bambapolitica.com.mx\/index.php\/wp-json\/wp\/v2\/tags?post=82446"}],"curies":[{"name":"wp","href":"https:\/\/api.w.org\/{rel}","templated":true}]}}