{"id":82452,"date":"2025-03-28T11:00:24","date_gmt":"2025-03-28T17:00:24","guid":{"rendered":"https:\/\/bambapolitica.com.mx\/?p=82452"},"modified":"2025-03-28T11:00:32","modified_gmt":"2025-03-28T17:00:32","slug":"diputados-sindicos-y-regidores-de-veracruz-piden-licencia-para-participar-en-comicios-municipales-de-2025","status":"publish","type":"post","link":"https:\/\/bambapolitica.com.mx\/index.php\/2025\/03\/28\/diputados-sindicos-y-regidores-de-veracruz-piden-licencia-para-participar-en-comicios-municipales-de-2025\/","title":{"rendered":"Diputados, s\u00edndicos y regidores de Veracruz piden licencia para participar en comicios municipales de 2025"},"content":{"rendered":"\n<p>28\/marzo\/2025<\/p>\n\n\n\n<p>En el marco del proceso electoral municipal de 2025, m\u00e1s de una decena de diputados, s\u00edndicos y regidores solicitaron licencia al Congreso del Estado para separarse temporalmente de sus cargos y contender en las elecciones municipales de este a\u00f1o, en las que se renovar\u00e1n las 212 alcald\u00edas. Las solicitudes ser\u00e1n aprobadas en el transcurso de la semana, lo que dejar\u00e1 vacantes las curules de las diputadas Ang\u00e9lica Pe\u00f1a Mart\u00ednez e Indira de Jes\u00fas Rosales San Rom\u00e1n, as\u00ed como de los diputados Igor Fidel Roji L\u00f3pez, Daniel Cortina Mart\u00ednez, Alejandro Porras Mar\u00edn y Roberto Francisco San Rom\u00e1n Solana. <\/p>\n\n\n\n<p>El presidente de la Junta de Coordinaci\u00f3n Pol\u00edtica del Congreso local, Esteban Bautista Hern\u00e1ndez, inform\u00f3 que, en total, nueve diputados han solicitado licencia para participar en el proceso electoral. En la pasada sesi\u00f3n legislativa, tambi\u00e9n pidieron licencia las diputadas Janeth Adanely Rodr\u00edguez Rodr\u00edguez, Bertha Rosal\u00eda Ahued Malpica, Elena C\u00f3rdova Molina y Janix Liliana Castro Mu\u00f1oz, as\u00ed como el diputado Rafael Gustavo Fararoni Maga\u00f1a. Adem\u00e1s, en la lectura de la correspondencia oficial, se inform\u00f3 sobre la solicitud de licencia de diversos funcionarios municipales, entre ellos: Dagoberto Hern\u00e1ndez Mart\u00ednez, s\u00edndico del Ayuntamiento de \u00c1lamo Temapache; Nallely Miroslava Gallardo Mart\u00ednez, s\u00edndica del Ayuntamiento de Castillo de Teayo; Sof\u00eda Leticia Viveros Colorado, regidora cuarta del Ayuntamiento de Coatepec; Edson Tejada Corona, regidor quinto del Ayuntamiento de Coatepec; Vania L\u00f3pez Gonz\u00e1lez, s\u00edndica del Ayuntamiento de C\u00f3rdoba; Ang\u00e9lica Serrano Campos, regidora cuarta del Ayuntamiento de Cotaxtla; Silvia Castillo Rivas, s\u00edndica del Ayuntamiento de Nogales; Mayra S\u00e1nchez Jim\u00e9nez, regidora primera del Ayuntamiento de Omealca; Celso Rogelio Quiroz Pulido, regidor d\u00e9cimo segundo del Ayuntamiento de Poza Rica de Hidalgo; Maritza Itzel Guti\u00e9rrez Le\u00f3n, s\u00edndica del Ayuntamiento de Puente Nacional; Gabriela D\u00edaz del Castillo Dom\u00ednguez, regidora d\u00e9cima del Ayuntamiento de San Andr\u00e9s Tuxtla; Yuridsid Yuselmi Hern\u00e1ndez Hern\u00e1ndez, regidora segunda del Ayuntamiento de Tancoco; Bertha Reyes Solano, regidora primera del Ayuntamiento de Tuxtilla; Beatriz Pi\u00f1a Vergara, s\u00edndica del Ayuntamiento de Tuxpan y Manuel Rafael Morales Rodr\u00edguez, s\u00edndico del Ayuntamiento de Vega de Alatorre. El Congreso local analizar\u00e1 y aprobar\u00e1 estas solicitudes en los pr\u00f3ximos d\u00edas, en cumplimiento con la normativa electoral vigente.<\/p>\n","protected":false},"excerpt":{"rendered":"<p>28\/marzo\/2025 En el marco del proceso electoral municipal de 2025, m\u00e1s de una decena de&#8230;<\/p>\n","protected":false},"author":3,"featured_media":82453,"comment_status":"closed","ping_status":"closed","sticky":false,"template":"","format":"standard","meta":{"footnotes":""},"categories":[4],"tags":[],"class_list":["post-82452","post","type-post","status-publish","format-standard","has-post-thumbnail","hentry","category-noticias-del-dia"],"_links":{"self":[{"href":"https:\/\/bambapolitica.com.mx\/index.php\/wp-json\/wp\/v2\/posts\/82452","targetHints":{"allow":["GET"]}}],"collection":[{"href":"https:\/\/bambapolitica.com.mx\/index.php\/wp-json\/wp\/v2\/posts"}],"about":[{"href":"https:\/\/bambapolitica.com.mx\/index.php\/wp-json\/wp\/v2\/types\/post"}],"author":[{"embeddable":true,"href":"https:\/\/bambapolitica.com.mx\/index.php\/wp-json\/wp\/v2\/users\/3"}],"replies":[{"embeddable":true,"href":"https:\/\/bambapolitica.com.mx\/index.php\/wp-json\/wp\/v2\/comments?post=82452"}],"version-history":[{"count":1,"href":"https:\/\/bambapolitica.com.mx\/index.php\/wp-json\/wp\/v2\/posts\/82452\/revisions"}],"predecessor-version":[{"id":82454,"href":"https:\/\/bambapolitica.com.mx\/index.php\/wp-json\/wp\/v2\/posts\/82452\/revisions\/82454"}],"wp:featuredmedia":[{"embeddable":true,"href":"https:\/\/bambapolitica.com.mx\/index.php\/wp-json\/wp\/v2\/media\/82453"}],"wp:attachment":[{"href":"https:\/\/bambapolitica.com.mx\/index.php\/wp-json\/wp\/v2\/media?parent=82452"}],"wp:term":[{"taxonomy":"category","embeddable":true,"href":"https:\/\/bambapolitica.com.mx\/index.php\/wp-json\/wp\/v2\/categories?post=82452"},{"taxonomy":"post_tag","embeddable":true,"href":"https:\/\/bambapolitica.com.mx\/index.php\/wp-json\/wp\/v2\/tags?post=82452"}],"curies":[{"name":"wp","href":"https:\/\/api.w.org\/{rel}","templated":true}]}}