{"id":82458,"date":"2025-03-31T09:04:56","date_gmt":"2025-03-31T15:04:56","guid":{"rendered":"https:\/\/bambapolitica.com.mx\/?p=82458"},"modified":"2025-03-31T09:04:59","modified_gmt":"2025-03-31T15:04:59","slug":"la-feria-de-las-ferias-en-texcoco-sera-costosa-y-no-cumplira-con-el-proposito-de-que-sea-familiar","status":"publish","type":"post","link":"https:\/\/bambapolitica.com.mx\/index.php\/2025\/03\/31\/la-feria-de-las-ferias-en-texcoco-sera-costosa-y-no-cumplira-con-el-proposito-de-que-sea-familiar\/","title":{"rendered":"LA FERIA DE LAS FERIAS EN TEXCOCO SER\u00c1 COSTOSA Y NO CUMPLIR\u00c1 CON EL PROP\u00d3SITO DE QUE SEA \u00abFAMILIAR\u00bb"},"content":{"rendered":"\n<p>31\/marzo\/2025<\/p>\n\n\n\n<p>\u00a0La nueva imagen de las instalaciones de la Feria Internacional del Caballo en Texcoco 2025 se vino abajo con las fallas de log\u00edstica del gobierno de Delfina G\u00f3mez \u00c1lvarez, el maltrato a la prensa y los altos costos en el consumo de bebidas y alimentos.El alcalde Nazario Guti\u00e9rrez Mart\u00ednez quiso dar una imagen diferente a esta feria, que fuera visitada por las familias, que se admiraran de nueva cuenta las razas de caballos y que retomara su origen de \u00abuna feria familiar\u00bb.\u00bbGobernadora, como se lo plante\u00e9 el d\u00eda que hicimos el recorrido, queremos recuperar la esencia de la Feria del Caballo, era una feria familiar y creo que lo vamos a lograr\u00bb, expres\u00f3 en el evento inaugural.<\/p>\n\n\n\n<p>familias no podr\u00e1n pagar los precios altos, empezando con el costo del estacionamiento: 120 pesos por auto.La entrada a la feria es de 60 pesos por persona y, tan solo para una familia integrada por cuatro personas, el costo asciende a 240 pesos, m\u00e1s los alimentos que se tienen que consumir en su interior, los cuales pueden superar los<\/p>\n\n\n\n<p>acudi\u00f3 la gobernadora Delfina G\u00f3mez \u00c1lvarez, no solo limitaron la entrada de los medios de comunicaci\u00f3n, sino tambi\u00e9n de las familias que llegaron a conocer las instalaciones de la feria.<\/p>\n\n\n\n<p>mismo alcalde de Texcoco, Nazario Guti\u00e9rrez Mart\u00ednez, tuvo problemas con la log\u00edstica del gobierno estatal, ya que no le permit\u00edan entregar un reconocimiento a la gobernadora Delfina G\u00f3mez.<\/p>\n\n\n\n<p>que romper el protocolo y hacerse escuchar, y antes de terminar el acto oficial, le entreg\u00f3 a Delfina G\u00f3mez una estatuilla plateada de Nezahualc\u00f3yotl.Este reconocimiento ser\u00e1 entregado a personalidades de Texcoco, pero Nazario Guti\u00e9rrez se lo entreg\u00f3 primero a Delfina G\u00f3mez.Aunque tambi\u00e9n en los planes del alcalde Nazario Guti\u00e9rrez y del patronato est\u00e1 quitar la imagen de que la Feria del Caballo \u00abes la cantina m\u00e1s grande\u00bb, ese prop\u00f3sito tambi\u00e9n se viene abajo.Al interior de las instalaciones hay m\u00e1s cantinas que puestos de comida.<\/p>\n","protected":false},"excerpt":{"rendered":"<p>31\/marzo\/2025 \u00a0La nueva imagen de las instalaciones de la Feria Internacional del Caballo en Texcoco&#8230;<\/p>\n","protected":false},"author":3,"featured_media":82459,"comment_status":"closed","ping_status":"closed","sticky":false,"template":"","format":"standard","meta":{"footnotes":""},"categories":[4],"tags":[],"class_list":["post-82458","post","type-post","status-publish","format-standard","has-post-thumbnail","hentry","category-noticias-del-dia"],"_links":{"self":[{"href":"https:\/\/bambapolitica.com.mx\/index.php\/wp-json\/wp\/v2\/posts\/82458","targetHints":{"allow":["GET"]}}],"collection":[{"href":"https:\/\/bambapolitica.com.mx\/index.php\/wp-json\/wp\/v2\/posts"}],"about":[{"href":"https:\/\/bambapolitica.com.mx\/index.php\/wp-json\/wp\/v2\/types\/post"}],"author":[{"embeddable":true,"href":"https:\/\/bambapolitica.com.mx\/index.php\/wp-json\/wp\/v2\/users\/3"}],"replies":[{"embeddable":true,"href":"https:\/\/bambapolitica.com.mx\/index.php\/wp-json\/wp\/v2\/comments?post=82458"}],"version-history":[{"count":1,"href":"https:\/\/bambapolitica.com.mx\/index.php\/wp-json\/wp\/v2\/posts\/82458\/revisions"}],"predecessor-version":[{"id":82460,"href":"https:\/\/bambapolitica.com.mx\/index.php\/wp-json\/wp\/v2\/posts\/82458\/revisions\/82460"}],"wp:featuredmedia":[{"embeddable":true,"href":"https:\/\/bambapolitica.com.mx\/index.php\/wp-json\/wp\/v2\/media\/82459"}],"wp:attachment":[{"href":"https:\/\/bambapolitica.com.mx\/index.php\/wp-json\/wp\/v2\/media?parent=82458"}],"wp:term":[{"taxonomy":"category","embeddable":true,"href":"https:\/\/bambapolitica.com.mx\/index.php\/wp-json\/wp\/v2\/categories?post=82458"},{"taxonomy":"post_tag","embeddable":true,"href":"https:\/\/bambapolitica.com.mx\/index.php\/wp-json\/wp\/v2\/tags?post=82458"}],"curies":[{"name":"wp","href":"https:\/\/api.w.org\/{rel}","templated":true}]}}