{"id":82461,"date":"2025-03-31T09:06:48","date_gmt":"2025-03-31T15:06:48","guid":{"rendered":"https:\/\/bambapolitica.com.mx\/?p=82461"},"modified":"2025-03-31T09:06:53","modified_gmt":"2025-03-31T15:06:53","slug":"impiden-a-reporteros-entrar-a-las-instalaciones-de-la-feria-del-caballo-en-texcoco-para-cubrir-el-corte-de-liston-de-la-inauguracion","status":"publish","type":"post","link":"https:\/\/bambapolitica.com.mx\/index.php\/2025\/03\/31\/impiden-a-reporteros-entrar-a-las-instalaciones-de-la-feria-del-caballo-en-texcoco-para-cubrir-el-corte-de-liston-de-la-inauguracion\/","title":{"rendered":"IMPIDEN A REPORTEROS ENTRAR A LAS INSTALACIONES DE LA FERIA DEL CABALLO EN TEXCOCO PARA CUBRIR EL CORTE DE LIST\u00d3N DE LA INAUGURACI\u00d3N"},"content":{"rendered":"\n<p>31\/marzo\/2025<\/p>\n\n\n\n<p>Funcionarios de log\u00edstica del gobierno de Delfina G\u00f3mez \u00c1lvarez, mantuvieron \u00absecuestrados\u00bb o encerrados en un corral met\u00e1lico a reporteros qu\u00e9 acudieron a cubrir el evento de la inauguraci\u00f3n de la Feria Internacional del Caballo en Texcoco 2025.<\/p>\n\n\n\n<p>El personal de log\u00edstica dijo que recibieron \u00f3rdenes de sus superiores de no dejar salir a los periodistas, fot\u00f3grafos y camarografos de diferentes medios del corral met\u00e1lico.<\/p>\n\n\n\n<p>A pesar de la protesta de los medios de comunicaci\u00f3n, el personal de log\u00edstica los mantuvo retenidos durante m\u00e1s de 20 minutos.<\/p>\n\n\n\n<p>Incluso, nadie pudo pasar a tomar im\u00e1genes del corte de list\u00f3n.<\/p>\n\n\n\n<p>Pero no solo se encerr\u00f3 a los reporteros sino tampoco se les permiti\u00f3 pasar al evento, simplemente para que los periodistas no molestaran a la gobernadora Delfina G\u00f3mez \u00c1lvarez.<\/p>\n\n\n\n<p>El patronato ciudadano de la Feria Internacional del Caballo Texcoco 2025 fue apoyado por el gremio period\u00edstico para difusi\u00f3n de sus actividades y espect\u00e1culos, pero ahora por querer quedar bien con la gobernadora y con el Alcalde Nazario Guti\u00e9rrez Mart\u00ednez, les \u00abcerraron las puertas en sus narices\u00bb.<\/p>\n\n\n\n<p>El patronato ciudadano de la Feria Internacional del Caballo Texcoco 2025 fue apoyado por el gremio period\u00edstico para difusi\u00f3n de sus actividades y espect\u00e1culos, pero ahora por querer quedar bien con la gobernadora y con el Alcalde Nazario Guti\u00e9rrez Mart\u00ednez, les \u00abcerraron las puertas en sus narices\u00bb<\/p>\n\n\n\n<p>Asimismo, ni a los visitantes dejaron entrar mientras la gobernadora Delfina G\u00f3mez \u00c1lvarez estaba en el interior del recinto ferial.<\/p>\n\n\n\n<p>El personal de la Feria mantuvieron cerradas la a puertas de acceso.<\/p>\n\n\n\n<p>Solo pudieron pasar los invitados y pol\u00edticos que acompa\u00f1aban a la gobernadora.<\/p>\n","protected":false},"excerpt":{"rendered":"<p>31\/marzo\/2025 Funcionarios de log\u00edstica del gobierno de Delfina G\u00f3mez \u00c1lvarez, mantuvieron \u00absecuestrados\u00bb o encerrados en&#8230;<\/p>\n","protected":false},"author":3,"featured_media":82462,"comment_status":"closed","ping_status":"closed","sticky":false,"template":"","format":"standard","meta":{"footnotes":""},"categories":[4],"tags":[],"class_list":["post-82461","post","type-post","status-publish","format-standard","has-post-thumbnail","hentry","category-noticias-del-dia"],"_links":{"self":[{"href":"https:\/\/bambapolitica.com.mx\/index.php\/wp-json\/wp\/v2\/posts\/82461","targetHints":{"allow":["GET"]}}],"collection":[{"href":"https:\/\/bambapolitica.com.mx\/index.php\/wp-json\/wp\/v2\/posts"}],"about":[{"href":"https:\/\/bambapolitica.com.mx\/index.php\/wp-json\/wp\/v2\/types\/post"}],"author":[{"embeddable":true,"href":"https:\/\/bambapolitica.com.mx\/index.php\/wp-json\/wp\/v2\/users\/3"}],"replies":[{"embeddable":true,"href":"https:\/\/bambapolitica.com.mx\/index.php\/wp-json\/wp\/v2\/comments?post=82461"}],"version-history":[{"count":1,"href":"https:\/\/bambapolitica.com.mx\/index.php\/wp-json\/wp\/v2\/posts\/82461\/revisions"}],"predecessor-version":[{"id":82463,"href":"https:\/\/bambapolitica.com.mx\/index.php\/wp-json\/wp\/v2\/posts\/82461\/revisions\/82463"}],"wp:featuredmedia":[{"embeddable":true,"href":"https:\/\/bambapolitica.com.mx\/index.php\/wp-json\/wp\/v2\/media\/82462"}],"wp:attachment":[{"href":"https:\/\/bambapolitica.com.mx\/index.php\/wp-json\/wp\/v2\/media?parent=82461"}],"wp:term":[{"taxonomy":"category","embeddable":true,"href":"https:\/\/bambapolitica.com.mx\/index.php\/wp-json\/wp\/v2\/categories?post=82461"},{"taxonomy":"post_tag","embeddable":true,"href":"https:\/\/bambapolitica.com.mx\/index.php\/wp-json\/wp\/v2\/tags?post=82461"}],"curies":[{"name":"wp","href":"https:\/\/api.w.org\/{rel}","templated":true}]}}