{"id":82470,"date":"2025-03-31T09:40:42","date_gmt":"2025-03-31T15:40:42","guid":{"rendered":"https:\/\/bambapolitica.com.mx\/?p=82470"},"modified":"2025-03-31T09:40:47","modified_gmt":"2025-03-31T15:40:47","slug":"alan-velasco-encabeza-la-primera-jornada-de-limpieza-en-valle-de-chalco","status":"publish","type":"post","link":"https:\/\/bambapolitica.com.mx\/index.php\/2025\/03\/31\/alan-velasco-encabeza-la-primera-jornada-de-limpieza-en-valle-de-chalco\/","title":{"rendered":"ALAN VELASCO ENCABEZA LA PRIMERA JORNADA DE LIMPIEZA EN VALLE DE CHALCO"},"content":{"rendered":"\n<p>31\/marzo\/2025<\/p>\n\n\n\n<p>Este fin de semana se llev\u00f3 a cabo la primera Jornada de limpieza de r\u00edos y barrancas que se encuentran dentro de este municipio, una faena encabezada por el alcalde Alan Velasco Ag\u00fcero y por la Mtra. Alhely Rubio Arronis, secretaria del Medio Ambiente y Desarrollo Sostenible, acompa\u00f1ados por vecinos, ejidatarios as\u00ed como de regidores y personal de la direcci\u00f3n de medio ambiente, se dieron a la tarea de recolectar 32 toneladas de basura, cerca de la planta de bombeo 5 ubicada sobre la avenida Chimalpain.<\/p>\n\n\n\n<p>Por lo que Velasco Ag\u00fcero expreso, \u201cGracias, querida gobernadora Mtra. Delfina G\u00f3mez \u00c1lvarez, y Mtra. Alhely Rubio Arronis, por liderar con el ejemplo y apoyar la limpieza de r\u00edos y barrancos en nuestra comunidad,\u00a0 vamos a limpiar y cuidar estos cauces para evitar que la contaminaci\u00f3n ocasione da\u00f1os; protegiendo las lagunas\u201d, las jornadas de limpieza tienen como objetivo reducir el impacto negativo de la basura en un \u00e1rea determinada y sus alrededores y con ello evita la proliferaci\u00f3n de la fauna nociva la acumulaci\u00f3n de distintos tipos de basura y desechos haciendo conciencia en la sociedad sobre el cuidado del medio ambiente y la importancia de conservar los espacios naturales.\u201d<\/p>\n\n\n\n<p><br>En su\u00a0 intervenci\u00f3n la secretaria del medio ambiente enfatiz\u00f3,\u00a0 \u201cestas jornadas servir\u00e1n para tener un mejor entorno para la comunidad, evitando as\u00ed la contaminaci\u00f3n y con esto\u00a0 luchar por un medio\u00a0 m\u00e1s sano,\u00a0\u00a0 la participaci\u00f3n ciudadana es clave para fomentar la cultura del cuidado del medio ambiente y la corresponsabilidad social desde la limpieza de calles y barrancas hasta la conservaci\u00f3n de \u00e1reas\u00a0 verdes y las lagunas, ya que\u00a0 cada acci\u00f3n cuenta para transformar el estado de M\u00e9xico y sus municipios. Finaliz\u00f3.<\/p>\n","protected":false},"excerpt":{"rendered":"<p>31\/marzo\/2025 Este fin de semana se llev\u00f3 a cabo la primera Jornada de limpieza de&#8230;<\/p>\n","protected":false},"author":3,"featured_media":82471,"comment_status":"closed","ping_status":"closed","sticky":false,"template":"","format":"standard","meta":{"footnotes":""},"categories":[4],"tags":[],"class_list":["post-82470","post","type-post","status-publish","format-standard","has-post-thumbnail","hentry","category-noticias-del-dia"],"_links":{"self":[{"href":"https:\/\/bambapolitica.com.mx\/index.php\/wp-json\/wp\/v2\/posts\/82470","targetHints":{"allow":["GET"]}}],"collection":[{"href":"https:\/\/bambapolitica.com.mx\/index.php\/wp-json\/wp\/v2\/posts"}],"about":[{"href":"https:\/\/bambapolitica.com.mx\/index.php\/wp-json\/wp\/v2\/types\/post"}],"author":[{"embeddable":true,"href":"https:\/\/bambapolitica.com.mx\/index.php\/wp-json\/wp\/v2\/users\/3"}],"replies":[{"embeddable":true,"href":"https:\/\/bambapolitica.com.mx\/index.php\/wp-json\/wp\/v2\/comments?post=82470"}],"version-history":[{"count":1,"href":"https:\/\/bambapolitica.com.mx\/index.php\/wp-json\/wp\/v2\/posts\/82470\/revisions"}],"predecessor-version":[{"id":82472,"href":"https:\/\/bambapolitica.com.mx\/index.php\/wp-json\/wp\/v2\/posts\/82470\/revisions\/82472"}],"wp:featuredmedia":[{"embeddable":true,"href":"https:\/\/bambapolitica.com.mx\/index.php\/wp-json\/wp\/v2\/media\/82471"}],"wp:attachment":[{"href":"https:\/\/bambapolitica.com.mx\/index.php\/wp-json\/wp\/v2\/media?parent=82470"}],"wp:term":[{"taxonomy":"category","embeddable":true,"href":"https:\/\/bambapolitica.com.mx\/index.php\/wp-json\/wp\/v2\/categories?post=82470"},{"taxonomy":"post_tag","embeddable":true,"href":"https:\/\/bambapolitica.com.mx\/index.php\/wp-json\/wp\/v2\/tags?post=82470"}],"curies":[{"name":"wp","href":"https:\/\/api.w.org\/{rel}","templated":true}]}}