{"id":82482,"date":"2025-03-31T11:07:27","date_gmt":"2025-03-31T17:07:27","guid":{"rendered":"https:\/\/bambapolitica.com.mx\/?p=82482"},"modified":"2025-03-31T11:07:31","modified_gmt":"2025-03-31T17:07:31","slug":"candidatos-al-poder-judicial-inician-campanas-en-edomex-a-traves-de-redes-sociales","status":"publish","type":"post","link":"https:\/\/bambapolitica.com.mx\/index.php\/2025\/03\/31\/candidatos-al-poder-judicial-inician-campanas-en-edomex-a-traves-de-redes-sociales\/","title":{"rendered":"Candidatos al Poder Judicial inician campa\u00f1as en Edomex a trav\u00e9s de redes sociales"},"content":{"rendered":"\n<p>31\/marzo\/2025<\/p>\n\n\n\n<p>La mayor\u00eda de los candidatos opt\u00f3 por difundir a trav\u00e9s de las redes sociales sus perfiles para el cargo judicial al que aspiran.<\/p>\n\n\n\n<p>Los aspirantes al Poder Judicial en distintos cargos federales en el Estado de M\u00e9xico, iniciaron este domingo con la campa\u00f1a de su candidatura. La mayor\u00eda de ellos lo hizo a trav\u00e9s de redes sociales, como indica la propia convocatoria.\u00a0<br><\/p>\n\n\n\n<p>La propia convocatoria indica que podr\u00e1n hacer promoci\u00f3n de su imagen e incluso, el n\u00famero que padecer\u00e1n en su respectiva boleta, propuestas, entre otros, a partir de este domingo 30 de marzo.<\/p>\n\n\n\n<p>En esta tesitura, la mayor\u00eda de los aspirantes opt\u00f3 por elegir la v\u00eda de las redes sociales y difundir mensajes que engloban sus aspiraciones para prevalecer o bien competir por un cargo al interior del poder judicial en sus distintas modalidades .<\/p>\n\n\n\n<p>\u00bfQu\u00e9 cargos se votan en el Estado de M\u00e9xico?<br>Para el proceso judicial extraordinario de 2025 se deber\u00e1n renovar 91 cargos tan solo en el Poder Judicial del Estado de M\u00e9xico, los cuales son la presidencia del Tribunal Superior de Justicia, 5 magistraturas del Tribunal de Disciplina Judicial, 30 magistraturas y 55 jueces.<\/p>\n\n\n\n<p>En la p\u00e1gina del Instituto Electoral del Estado de M\u00e9xico (IEEM) se brinda orientaci\u00f3n sobre las funciones sobre estos cargos y la importancia que tienen en la sociedad.<\/p>\n\n\n\n<p>En tanto que para los cargos para el Poder Judicial de la Federaci\u00f3n en total se elegir\u00e1n 881 cargos:<\/p>\n\n\n\n<p>9 ministras y ministros de la Suprema Corte de Justicia de la Naci\u00f3n (SCJN).<br>Dos magistraturas de la Sala Superior del Tribunal Electoral del Poder Judicial de la Federaci\u00f3n (TEPJF).<br>15 magistraturas de las Salas Regionales del TEPJF.<br>5 integrantes del Tribunal de Disciplina Judicial.<br>464 magistraturas de Circuito.<br>386 juezas y jueces de Distrito.<\/p>\n\n\n\n<p>\u00bfD\u00f3nde consultar los perfiles de los candidatos al Poder Judicial?<\/p>\n\n\n\n<p>Al igual que en las elecciones pol\u00edticas, la plataforma electoral dispuso de un espacio llamado &#8220;Con\u00f3celes&#8221; para que los ciudadanos puedan consultar m\u00e1s f\u00e1cil qui\u00e9nes son las personas que participan en la contienda por un cargo judicial, donde se podr\u00e1 conocer su trayectoria, su visi\u00f3n y objetivos.<\/p>\n\n\n\n<p>Al momento el apartado del INE, ya est\u00e1 en funciones y se pude delimitar la b\u00fasqueda de acuerdo a la entidad, secci\u00f3n electoral y los cargos.<br>mex-en-redes<\/p>\n","protected":false},"excerpt":{"rendered":"<p>31\/marzo\/2025 La mayor\u00eda de los candidatos opt\u00f3 por difundir a trav\u00e9s de las redes sociales&#8230;<\/p>\n","protected":false},"author":3,"featured_media":82483,"comment_status":"closed","ping_status":"closed","sticky":false,"template":"","format":"standard","meta":{"footnotes":""},"categories":[4],"tags":[],"class_list":["post-82482","post","type-post","status-publish","format-standard","has-post-thumbnail","hentry","category-noticias-del-dia"],"_links":{"self":[{"href":"https:\/\/bambapolitica.com.mx\/index.php\/wp-json\/wp\/v2\/posts\/82482","targetHints":{"allow":["GET"]}}],"collection":[{"href":"https:\/\/bambapolitica.com.mx\/index.php\/wp-json\/wp\/v2\/posts"}],"about":[{"href":"https:\/\/bambapolitica.com.mx\/index.php\/wp-json\/wp\/v2\/types\/post"}],"author":[{"embeddable":true,"href":"https:\/\/bambapolitica.com.mx\/index.php\/wp-json\/wp\/v2\/users\/3"}],"replies":[{"embeddable":true,"href":"https:\/\/bambapolitica.com.mx\/index.php\/wp-json\/wp\/v2\/comments?post=82482"}],"version-history":[{"count":1,"href":"https:\/\/bambapolitica.com.mx\/index.php\/wp-json\/wp\/v2\/posts\/82482\/revisions"}],"predecessor-version":[{"id":82484,"href":"https:\/\/bambapolitica.com.mx\/index.php\/wp-json\/wp\/v2\/posts\/82482\/revisions\/82484"}],"wp:featuredmedia":[{"embeddable":true,"href":"https:\/\/bambapolitica.com.mx\/index.php\/wp-json\/wp\/v2\/media\/82483"}],"wp:attachment":[{"href":"https:\/\/bambapolitica.com.mx\/index.php\/wp-json\/wp\/v2\/media?parent=82482"}],"wp:term":[{"taxonomy":"category","embeddable":true,"href":"https:\/\/bambapolitica.com.mx\/index.php\/wp-json\/wp\/v2\/categories?post=82482"},{"taxonomy":"post_tag","embeddable":true,"href":"https:\/\/bambapolitica.com.mx\/index.php\/wp-json\/wp\/v2\/tags?post=82482"}],"curies":[{"name":"wp","href":"https:\/\/api.w.org\/{rel}","templated":true}]}}