{"id":82487,"date":"2025-04-01T10:51:58","date_gmt":"2025-04-01T16:51:58","guid":{"rendered":"https:\/\/bambapolitica.com.mx\/?p=82487"},"modified":"2025-04-01T10:52:03","modified_gmt":"2025-04-01T16:52:03","slug":"aseguraron-a-cuatro-por-presunto-robo-de-motocicletas","status":"publish","type":"post","link":"https:\/\/bambapolitica.com.mx\/index.php\/2025\/04\/01\/aseguraron-a-cuatro-por-presunto-robo-de-motocicletas\/","title":{"rendered":"ASEGURARON A CUATRO POR PRESUNTO ROBO DE MOTOCICLETAS"},"content":{"rendered":"\n<p>1\/Abril \/2025<\/p>\n\n\n\n<p>La Direcci\u00f3n General de Seguridad P\u00fablica y Movilidad, detuvieron en conjunto con la Secretar\u00eda de Seguridad Ciudadana del Estado de M\u00e9xico, a cuatro presuntos responsables por el delito de robo de veh\u00edculo automotor y con violencia<\/p>\n\n\n\n<p>\u2022 Podr\u00edan estar relacionados con una banda que se dedica al robo de motocicletas y motonetas estacionadas y con violencia.<\/p>\n\n\n\n<p>Texcoco, Estado de M\u00e9xico, 31 de marzo de 2025.- Durante la aplicaci\u00f3n de trabajos coordinados entre elementos de la Direcci\u00f3n General de Seguridad P\u00fablica y Movilidad y Polic\u00eda del Estado; detuvieron a cuatro masculinos por robo de veh\u00edculo automotor.<\/p>\n\n\n\n<p>En cumplimiento a las instrucciones de los Operativos \u201cESTRATEGIA ZONA ORIENTE\u201d, al estar realizando los operativos preventivos y disuasivos, se tuvo contacto con primer masculino, el cual pidi\u00f3 apoyo manifestando que dos sujetos lo despojaron de su motocicleta amenaz\u00e1ndolo con un arma de fuego indicando que van metros adelante por lo cual se inici\u00f3 una persecuci\u00f3n por diferentes calles, arribando a un predio en donde se logr\u00f3 la detenci\u00f3n de cuatro masculinos quienes dijeron llamarse: Enrique \u201cN\u201d de 21 a\u00f1os, Alberto \u201cN\u201d 18 a\u00f1os, Reynaldo \u201cN\u201d de 37 a\u00f1os y Jos\u00e9 \u201cN\u201d de 18 a\u00f1os, quienes despu\u00e9s de conocer el constitutivo del delito y los derechos que la ley emana a su favor fueron trasladados a la Agencia del Ministerio P\u00fablico correspondiente, donde se determinar\u00e1 su situaci\u00f3n legal.<\/p>\n\n\n\n<p>En seguimiento derivado de la detenci\u00f3n de las cuatro personas del d\u00eda 28\/05\/2025, en coordinaci\u00f3n con la Polic\u00eda del Estado se le prest\u00f3 el apoyo a la Fiscal\u00eda Especializada en Investigaci\u00f3n en robo de veh\u00edculos Zona Oriente Texcoco con sede en el Municipio de Texcoco. Teniendo como resultado de dicha diligencia el aseguramiento de:<br>5 Motocicletas con reporte de robo<br>1 Arma tipo escuadra color negra (R\u00e9plica)<br>1 Navaja plegable color negra<br>4 L\u00e1minas de circulaci\u00f3n que cuentan con reporte de robo.<br>1 L\u00e1mina de circulaci\u00f3n sin reporte de robo.<\/p>\n\n\n\n<p>Por lo que los cuatro masculinos fueon puestos a disposici\u00f3n por el delito de robo de veh\u00edculo automotor y con violencia.<\/p>\n\n\n\n<p>De acuerdo con las primeras investigaciones, los detenidos podr\u00edan ser parte de una c\u00e9lula delictiva que se dedica al robo de veh\u00edculo automotor y con violencia, en lugares con demanda de veh\u00edculos estacionados, por lo que las averiguaciones continuar\u00e1n para esclarecer los hechos.<\/p>\n\n\n\n<p>La Direcci\u00f3n General de Seguridad P\u00fablica y Movilidad les recuerda que los tel\u00e9fonos de Emergencia 5959540006 y 5959552074, adem\u00e1s de contar con el bot\u00f3n de p\u00e1nico AlerTex, los N\u00fameros de Emergencia se encuentran a su disposici\u00f3n las 24 horas del d\u00eda. Puede contactarnos, a trav\u00e9s de las redes sociales: Facebook \u201cDir.Gral.de seguridad p\u00fablica y movilidad De Texcoco\u201d<\/p>\n","protected":false},"excerpt":{"rendered":"<p>1\/Abril \/2025 La Direcci\u00f3n General de Seguridad P\u00fablica y Movilidad, detuvieron en conjunto con la&#8230;<\/p>\n","protected":false},"author":3,"featured_media":82488,"comment_status":"closed","ping_status":"closed","sticky":false,"template":"","format":"standard","meta":{"footnotes":""},"categories":[4],"tags":[],"class_list":["post-82487","post","type-post","status-publish","format-standard","has-post-thumbnail","hentry","category-noticias-del-dia"],"_links":{"self":[{"href":"https:\/\/bambapolitica.com.mx\/index.php\/wp-json\/wp\/v2\/posts\/82487","targetHints":{"allow":["GET"]}}],"collection":[{"href":"https:\/\/bambapolitica.com.mx\/index.php\/wp-json\/wp\/v2\/posts"}],"about":[{"href":"https:\/\/bambapolitica.com.mx\/index.php\/wp-json\/wp\/v2\/types\/post"}],"author":[{"embeddable":true,"href":"https:\/\/bambapolitica.com.mx\/index.php\/wp-json\/wp\/v2\/users\/3"}],"replies":[{"embeddable":true,"href":"https:\/\/bambapolitica.com.mx\/index.php\/wp-json\/wp\/v2\/comments?post=82487"}],"version-history":[{"count":1,"href":"https:\/\/bambapolitica.com.mx\/index.php\/wp-json\/wp\/v2\/posts\/82487\/revisions"}],"predecessor-version":[{"id":82489,"href":"https:\/\/bambapolitica.com.mx\/index.php\/wp-json\/wp\/v2\/posts\/82487\/revisions\/82489"}],"wp:featuredmedia":[{"embeddable":true,"href":"https:\/\/bambapolitica.com.mx\/index.php\/wp-json\/wp\/v2\/media\/82488"}],"wp:attachment":[{"href":"https:\/\/bambapolitica.com.mx\/index.php\/wp-json\/wp\/v2\/media?parent=82487"}],"wp:term":[{"taxonomy":"category","embeddable":true,"href":"https:\/\/bambapolitica.com.mx\/index.php\/wp-json\/wp\/v2\/categories?post=82487"},{"taxonomy":"post_tag","embeddable":true,"href":"https:\/\/bambapolitica.com.mx\/index.php\/wp-json\/wp\/v2\/tags?post=82487"}],"curies":[{"name":"wp","href":"https:\/\/api.w.org\/{rel}","templated":true}]}}