{"id":82490,"date":"2025-04-01T10:55:01","date_gmt":"2025-04-01T16:55:01","guid":{"rendered":"https:\/\/bambapolitica.com.mx\/?p=82490"},"modified":"2025-04-01T10:55:07","modified_gmt":"2025-04-01T16:55:07","slug":"en-la-paz-eleccion-de-autoridades-auxiliares-en-completa-calma","status":"publish","type":"post","link":"https:\/\/bambapolitica.com.mx\/index.php\/2025\/04\/01\/en-la-paz-eleccion-de-autoridades-auxiliares-en-completa-calma\/","title":{"rendered":"En La Paz, Elecci\u00f3n de Autoridades Auxiliares en Completa Calma"},"content":{"rendered":"\n<p>1\/Abril \/2025<\/p>\n\n\n\n<ul class=\"wp-block-list\">\n<li>Elecciones transparentes<\/li>\n\n\n\n<li>Se respetar\u00e1n los resultados<\/li>\n<\/ul>\n\n\n\n<p>La Paz, Edomex., 31 de marzo de 2025.- En completa calma y con una participaci\u00f3n aceptable de la poblaci\u00f3n, se llevaron a cabo las elecciones de las Autoridades Auxiliares para el periodo 2025-2027.<\/p>\n\n\n\n<p>De acuerdo a la Comisi\u00f3n Edilicia Transitoria de Asuntos Electorales para la renovaci\u00f3n de Delegados, Subdelegados e integrantes de los Consejos de Participaci\u00f3n Ciudadana (COPACIS) el proceso a pesar de contar con m\u00ednimos incidentes concluyeron bien.<\/p>\n\n\n\n<p>La responsable de dicha elecci\u00f3n, Mar\u00eda Isabel Rodriguez Robles destac\u00f3 que los representantes de cada casilla indicaron que hubo peque\u00f1as irregularidades en defensa de sus planillas, ello s\u00f3lo de palabras y no de golpes.<\/p>\n\n\n\n<p>Los resultados se respetar\u00e1n conforme lo marca la ley y en caso de alguna impugnaci\u00f3n se buscar\u00e1 la forma solucionar el caso, pero hasta el momento no hay se\u00f1alamiento alguno.<\/p>\n\n\n\n<p>Todo se llev\u00f3 de acuerdo a la Convocatoria para la elecci\u00f3n de las Autoridades Auxiliares, por lo que todo fue transparente, legal y leg\u00edtimo, contando con afluencia de las vecinas y vecinos de cada colonia.<\/p>\n\n\n\n<p>La elecci\u00f3n para elegir a los Delegados, Subdelegados y Consejos de Participaci\u00f3n Ciudadana (COPACI) realizada este 30 de marzo, fue apoyada con elementos de la polic\u00eda municipal, estatal y Marina.<\/p>\n\n\n\n<p>La elecci\u00f3n es para coadyuvar a consolidar el r\u00e9gimen democr\u00e1tico en el H. Ayuntamiento, finaliz\u00f3.<\/p>\n","protected":false},"excerpt":{"rendered":"<p>1\/Abril \/2025 La Paz, Edomex., 31 de marzo de 2025.- En completa calma y con&#8230;<\/p>\n","protected":false},"author":3,"featured_media":82491,"comment_status":"closed","ping_status":"closed","sticky":false,"template":"","format":"standard","meta":{"footnotes":""},"categories":[4],"tags":[],"class_list":["post-82490","post","type-post","status-publish","format-standard","has-post-thumbnail","hentry","category-noticias-del-dia"],"_links":{"self":[{"href":"https:\/\/bambapolitica.com.mx\/index.php\/wp-json\/wp\/v2\/posts\/82490","targetHints":{"allow":["GET"]}}],"collection":[{"href":"https:\/\/bambapolitica.com.mx\/index.php\/wp-json\/wp\/v2\/posts"}],"about":[{"href":"https:\/\/bambapolitica.com.mx\/index.php\/wp-json\/wp\/v2\/types\/post"}],"author":[{"embeddable":true,"href":"https:\/\/bambapolitica.com.mx\/index.php\/wp-json\/wp\/v2\/users\/3"}],"replies":[{"embeddable":true,"href":"https:\/\/bambapolitica.com.mx\/index.php\/wp-json\/wp\/v2\/comments?post=82490"}],"version-history":[{"count":1,"href":"https:\/\/bambapolitica.com.mx\/index.php\/wp-json\/wp\/v2\/posts\/82490\/revisions"}],"predecessor-version":[{"id":82492,"href":"https:\/\/bambapolitica.com.mx\/index.php\/wp-json\/wp\/v2\/posts\/82490\/revisions\/82492"}],"wp:featuredmedia":[{"embeddable":true,"href":"https:\/\/bambapolitica.com.mx\/index.php\/wp-json\/wp\/v2\/media\/82491"}],"wp:attachment":[{"href":"https:\/\/bambapolitica.com.mx\/index.php\/wp-json\/wp\/v2\/media?parent=82490"}],"wp:term":[{"taxonomy":"category","embeddable":true,"href":"https:\/\/bambapolitica.com.mx\/index.php\/wp-json\/wp\/v2\/categories?post=82490"},{"taxonomy":"post_tag","embeddable":true,"href":"https:\/\/bambapolitica.com.mx\/index.php\/wp-json\/wp\/v2\/tags?post=82490"}],"curies":[{"name":"wp","href":"https:\/\/api.w.org\/{rel}","templated":true}]}}