{"id":82493,"date":"2025-04-01T11:26:19","date_gmt":"2025-04-01T17:26:19","guid":{"rendered":"https:\/\/bambapolitica.com.mx\/?p=82493"},"modified":"2025-04-01T11:26:22","modified_gmt":"2025-04-01T17:26:22","slug":"arranca-en-texcoco-la-jornada-estatal-de-vacunacion-antirrabica-canina-y-felina-2025","status":"publish","type":"post","link":"https:\/\/bambapolitica.com.mx\/index.php\/2025\/04\/01\/arranca-en-texcoco-la-jornada-estatal-de-vacunacion-antirrabica-canina-y-felina-2025\/","title":{"rendered":"Arranca en Texcoco la Jornada Estatal de Vacunaci\u00f3n Antirr\u00e1bica Canina y Felina 2025"},"content":{"rendered":"\n<p>1\/Abril \/2025<\/p>\n\n\n\n<ul class=\"wp-block-list\">\n<li>Se aplicar\u00e1n 3.2 millones de vacunas en todo el territorio mexiquense.<\/li>\n\n\n\n<li>Consulta los puntos de vacunaci\u00f3n en: https:\/\/salud.edomex.gob.mx\/isem\/puestos_vacunacion_antirrabica.<\/li>\n<\/ul>\n\n\n\n<p>TEXCOCO, Estado de M\u00e9xico.- Al dar inicio a la campa\u00f1a de la Jornada Estatal de Vacunaci\u00f3n Antirr\u00e1bica Canina y Felina en Texcoco, Macarena Montoya Olvera, Secretaria de Salud, invit\u00f3 las y los mexiquenses a proteger a sus mascotas y acudir a uno de los mil 518 m\u00f3dulos instalados en todo el Estado de M\u00e9xico.<\/p>\n\n\n\n<p>Inform\u00f3 que en el puesto de vacunaci\u00f3n ubicado en la cabecera municipal de Texcoco se estima aplicar 28 mil 500 dosis a perros y gatos a lo largo de la jornada, la cual concluye el 05 de abril.<\/p>\n\n\n\n<p>Refiri\u00f3 que la respuesta de la ciudadan\u00eda ha sido favorable, ya que, en el primer d\u00eda de jornada, se colocaron en dicho m\u00f3dulo m\u00e1s de 800 vacunas, lo que refleja un gran compromiso y cooperaci\u00f3n de la sociedad, que se dio cita desde las 9:00 horas en las instalaciones del palacio municipal.<\/p>\n\n\n\n<p>Ser\u00e1n 772 brigadas las que aplicar\u00e1n de forma gratuita m\u00e1s de 3 millones de vacunas; la ubicaci\u00f3n de los puntos de vacunaci\u00f3n se puede consultar a trav\u00e9s del siguiente enlace: https:\/\/salud.edomex.gob.mx\/isem\/puestos_vacunacion_antirrabica.<\/p>\n\n\n\n<p>La Secretar\u00eda de Salud recomienda asistir una persona adulta por mascota; en caso de llevar perros, contar con correa y bozal de ser necesario; en el caso de gatos, llevarlos en transportadora, con arpilla o una bolsa para que puedan ser manipulados.<\/p>\n\n\n\n<p>Nazario Guti\u00e9rrez Mart\u00ednez, Presidente Municipal de Texcoco, destac\u00f3 la labor que se realiza en conjunto el Gobierno del estado y el municipio, y reafirm\u00f3 el compromiso con los seres de compa\u00f1\u00eda ya que el municipio que encabeza cuenta con un programa continuo y permanente de esterilizaci\u00f3n y adopci\u00f3n.<\/p>\n\n\n\n<p>Macarena Montoya Olvera reafirmo el compromiso de proteger y cuidar el bienestar de los seres sintientes lo que representa uno de los principales compromisos de la Gobernadora del Estado de M\u00e9xico, Delfina G\u00f3mez \u00c1lvarez.<\/p>\n","protected":false},"excerpt":{"rendered":"<p>1\/Abril \/2025 TEXCOCO, Estado de M\u00e9xico.- Al dar inicio a la campa\u00f1a de la Jornada&#8230;<\/p>\n","protected":false},"author":3,"featured_media":82494,"comment_status":"closed","ping_status":"closed","sticky":false,"template":"","format":"standard","meta":{"footnotes":""},"categories":[4],"tags":[],"class_list":["post-82493","post","type-post","status-publish","format-standard","has-post-thumbnail","hentry","category-noticias-del-dia"],"_links":{"self":[{"href":"https:\/\/bambapolitica.com.mx\/index.php\/wp-json\/wp\/v2\/posts\/82493","targetHints":{"allow":["GET"]}}],"collection":[{"href":"https:\/\/bambapolitica.com.mx\/index.php\/wp-json\/wp\/v2\/posts"}],"about":[{"href":"https:\/\/bambapolitica.com.mx\/index.php\/wp-json\/wp\/v2\/types\/post"}],"author":[{"embeddable":true,"href":"https:\/\/bambapolitica.com.mx\/index.php\/wp-json\/wp\/v2\/users\/3"}],"replies":[{"embeddable":true,"href":"https:\/\/bambapolitica.com.mx\/index.php\/wp-json\/wp\/v2\/comments?post=82493"}],"version-history":[{"count":1,"href":"https:\/\/bambapolitica.com.mx\/index.php\/wp-json\/wp\/v2\/posts\/82493\/revisions"}],"predecessor-version":[{"id":82495,"href":"https:\/\/bambapolitica.com.mx\/index.php\/wp-json\/wp\/v2\/posts\/82493\/revisions\/82495"}],"wp:featuredmedia":[{"embeddable":true,"href":"https:\/\/bambapolitica.com.mx\/index.php\/wp-json\/wp\/v2\/media\/82494"}],"wp:attachment":[{"href":"https:\/\/bambapolitica.com.mx\/index.php\/wp-json\/wp\/v2\/media?parent=82493"}],"wp:term":[{"taxonomy":"category","embeddable":true,"href":"https:\/\/bambapolitica.com.mx\/index.php\/wp-json\/wp\/v2\/categories?post=82493"},{"taxonomy":"post_tag","embeddable":true,"href":"https:\/\/bambapolitica.com.mx\/index.php\/wp-json\/wp\/v2\/tags?post=82493"}],"curies":[{"name":"wp","href":"https:\/\/api.w.org\/{rel}","templated":true}]}}