{"id":82496,"date":"2025-04-01T14:00:50","date_gmt":"2025-04-01T20:00:50","guid":{"rendered":"https:\/\/bambapolitica.com.mx\/?p=82496"},"modified":"2025-04-01T14:00:57","modified_gmt":"2025-04-01T20:00:57","slug":"la-feria-internacional-del-caballo-2025en-texcoco-primer-ejemplo-de-humillante-sumision-a-la-libertad-de-prensa-en-el-edomex","status":"publish","type":"post","link":"https:\/\/bambapolitica.com.mx\/index.php\/2025\/04\/01\/la-feria-internacional-del-caballo-2025en-texcoco-primer-ejemplo-de-humillante-sumision-a-la-libertad-de-prensa-en-el-edomex\/","title":{"rendered":"LA FERIA INTERNACIONAL DEL CABALLO 2025,EN TEXCOCO. PRIMER EJEMPLO DE HUMILLANTE SUMISI\u00d3N A LA LIBERTAD DE PRENSA EN EL EDOMEX"},"content":{"rendered":"\n<p>1\/Abril \/2025<\/p>\n\n\n\n<p>La privaci\u00f3n ilegal de la libertad a la treintena de reporteros&nbsp; electr\u00f3nicos, impresos y radiof\u00f3nicos que acudieron a la inauguraci\u00f3n de la Feria Internacional del Caballo 2025, y encerrarlos en un corral met\u00e1lico del ese recinto; solo corroboro el elitismo de los patrocinadores y el oscurantismo de las actividades que se realizan en el desarrollo de este evento;&nbsp; bajo el&nbsp; benepl\u00e1cito de la gobernadora Delfina G\u00f3mez \u00c1lvarez y del alcalde Nazario Guti\u00e9rrez Mart\u00ednez.<a><\/a><\/p>\n\n\n\n<p>Y es que &#8220;El Patronato Ciudadano de la Feria Internacional del Caballo Texcoco 2025&#8242;, olvid\u00f3 que con anterioridad imploro&nbsp; a los representantes de la Prensa, la divulgacion de&nbsp; sus diversas actividades y espect\u00e1culos a realizarse en esta emisi\u00f3n 2025.<\/p>\n\n\n\n<p>El punto es que los chicos de la prensa arribaron con puntual inter\u00e9s para escuchar el mensaje y postura de la gobernadora en este evento internacional; sin imaginar que sus derechos laborales ser\u00edan pisoteados.<\/p>\n\n\n\n<p>Inicialmente se dijo que fue indicacion de los organizadores, quienes a una voz &#8220;arrempujaron&#8221; a los reporteros encerrandolos en un corral met\u00e1lico.<\/p>\n\n\n\n<p>&nbsp; Sin que ambos funcionarios intervinieran para mostrar el respeto que tantas veces han cacaraqueado en las reuniones con la prensa.<\/p>\n\n\n\n<p>Incluso, se les impidi\u00f3 tomar im\u00e1genes del corte de list\u00f3n inaugural.<\/p>\n\n\n\n<p>&nbsp;Por obviedad est\u00e1&nbsp; medida gener\u00f3 molestia entre los comunicadores, quienes acusaron una restricci\u00f3n injustificada al ejercicio period\u00edstico.<\/p>\n\n\n\n<p>El personal de log\u00edstica inform\u00f3 que la orden de enclaustrar&nbsp; a los periodistas, fot\u00f3grafos y camar\u00f3grafos provino de sus superiores.&nbsp;<\/p>\n\n\n\n<p>A pesar de las protestas de los medios de comunicaci\u00f3n, los trabajadores mantuvieron retenidos a los reporteros durante m\u00e1s de 20 minutos.<\/p>\n\n\n\n<p>Seg\u00fan los alquimistas, corroboran lo que anualmente se maneja tras bambalinas, alusivo a qu\u00e9 la Feria del Caballo 2025 es un oscuro&nbsp; rinc\u00f3n de abusos, prostituci\u00f3n y delincuencia a la alta escuela.<\/p>\n\n\n\n<p>Lo m\u00e1s lamentable es que ambos funcionarios Delfina y Nazario, demostraron una sumisa actitud ante los s agravios vividos por los chicos de la prensa.<\/p>\n\n\n\n<p>La vejacion a los reporteros no es un asunto menor. Es un s\u00edntoma de una problem\u00e1tica m\u00e1s amplia que afecta la transparencia, la rendici\u00f3n de cuentas y el derecho del p\u00fablico a estar informado, en una sociedad que valora la democracia.<\/p>\n","protected":false},"excerpt":{"rendered":"<p>1\/Abril \/2025 La privaci\u00f3n ilegal de la libertad a la treintena de reporteros&nbsp; electr\u00f3nicos, impresos&#8230;<\/p>\n","protected":false},"author":3,"featured_media":82497,"comment_status":"closed","ping_status":"closed","sticky":false,"template":"","format":"standard","meta":{"footnotes":""},"categories":[4],"tags":[],"class_list":["post-82496","post","type-post","status-publish","format-standard","has-post-thumbnail","hentry","category-noticias-del-dia"],"_links":{"self":[{"href":"https:\/\/bambapolitica.com.mx\/index.php\/wp-json\/wp\/v2\/posts\/82496","targetHints":{"allow":["GET"]}}],"collection":[{"href":"https:\/\/bambapolitica.com.mx\/index.php\/wp-json\/wp\/v2\/posts"}],"about":[{"href":"https:\/\/bambapolitica.com.mx\/index.php\/wp-json\/wp\/v2\/types\/post"}],"author":[{"embeddable":true,"href":"https:\/\/bambapolitica.com.mx\/index.php\/wp-json\/wp\/v2\/users\/3"}],"replies":[{"embeddable":true,"href":"https:\/\/bambapolitica.com.mx\/index.php\/wp-json\/wp\/v2\/comments?post=82496"}],"version-history":[{"count":1,"href":"https:\/\/bambapolitica.com.mx\/index.php\/wp-json\/wp\/v2\/posts\/82496\/revisions"}],"predecessor-version":[{"id":82498,"href":"https:\/\/bambapolitica.com.mx\/index.php\/wp-json\/wp\/v2\/posts\/82496\/revisions\/82498"}],"wp:featuredmedia":[{"embeddable":true,"href":"https:\/\/bambapolitica.com.mx\/index.php\/wp-json\/wp\/v2\/media\/82497"}],"wp:attachment":[{"href":"https:\/\/bambapolitica.com.mx\/index.php\/wp-json\/wp\/v2\/media?parent=82496"}],"wp:term":[{"taxonomy":"category","embeddable":true,"href":"https:\/\/bambapolitica.com.mx\/index.php\/wp-json\/wp\/v2\/categories?post=82496"},{"taxonomy":"post_tag","embeddable":true,"href":"https:\/\/bambapolitica.com.mx\/index.php\/wp-json\/wp\/v2\/tags?post=82496"}],"curies":[{"name":"wp","href":"https:\/\/api.w.org\/{rel}","templated":true}]}}