{"id":82499,"date":"2025-04-01T14:03:42","date_gmt":"2025-04-01T20:03:42","guid":{"rendered":"https:\/\/bambapolitica.com.mx\/?p=82499"},"modified":"2025-04-01T14:03:47","modified_gmt":"2025-04-01T20:03:47","slug":"atencion-mexiquenses-la-gobernadora-delfina-gomez-y-ana-maria-la-guerrera-torres-convocan-a-la-clase-nacional-de-boxeo-en-toluca","status":"publish","type":"post","link":"https:\/\/bambapolitica.com.mx\/index.php\/2025\/04\/01\/atencion-mexiquenses-la-gobernadora-delfina-gomez-y-ana-maria-la-guerrera-torres-convocan-a-la-clase-nacional-de-boxeo-en-toluca\/","title":{"rendered":"\u00a1Atenci\u00f3n mexiquenses! La Gobernadora Delfina G\u00f3mez y Ana Mar\u00eda la \u201cGuerrera\u201d Torres convocan a la Clase Nacional de Boxeo en Toluca"},"content":{"rendered":"\n<p>1\/Abril \/2025<\/p>\n\n\n\n<p>El domingo 6 de abril a las 7:30 am, participar\u00e1n m\u00e1s de cinco mil personas en la capital del Estado de M\u00e9xico.<\/p>\n\n\n\n<p>\u2022 Se contar\u00e1 con la presencia de otras campeonas y excampeonas en esta disciplina como Zulina \u201cLa Loba\u201d Mu\u00f1oz, Anabel \u201cLa Avispa\u201d Ortiz y Yessica \u201cKika\u201d Ch\u00e1vez.<\/p>\n\n\n\n<p>\u2022 La Presidenta Claudia Sheinbaum lanza esta iniciativa para acercar el deporte a las y los j\u00f3venes como parte fundamental del eje de Atenci\u00f3n a las Causas de la Estrategia Nacional de Seguridad.<\/p>\n\n\n\n<p>TOLUCA, Estado de M\u00e9xico. &#8211; La Gobernadora del Estado de M\u00e9xico, Delfina G\u00f3mez \u00c1lvarez encabezar\u00e1 la Clase Nacional de Boxeo este domingo 6 de abril, a las 7:30 horas, en la ciudad de Toluca. Estar\u00e1 acompa\u00f1ada por la originaria de Nezahualc\u00f3yotl, Ana Mar\u00eda la \u201cGuerrera\u201d Torres, doble campeona mundial peso supermosca del Consejo Mundial de Boxeo (CMB).<\/p>\n\n\n\n<p>La iniciativa, impulsada por la Presidenta de M\u00e9xico, Claudia Sheinbaum Pardo, tiene como prop\u00f3sito acercar el deporte, especialmente, a las y los j\u00f3venes atendiendo el eje de Atenci\u00f3n a las Causas de la Estrategia Nacional de Seguridad.<\/p>\n\n\n\n<p>Para celebrar el D\u00eda Internacional del Deporte para el Desarrollo y la Paz, la Gobernadora Delfina G\u00f3mez \u00c1lvarez encabezar\u00e1 un acto protocolario a las 7:30 de la ma\u00f1ana para dar arranque a la Clase Nacional de Boxeo, en punto de las 9:00 horas en sede por definir en Toluca.<\/p>\n\n\n\n<p>La rutina con duraci\u00f3n de 30 minutos ser\u00e1 impartida por campeonas y excampeonas mundiales mexiquenses como Zulina \u201cLa Loba\u201d Mu\u00f1oz, t\u00edtulo de peso supermosca del CMB; Anabel Ortiz \u201cLa Avispa,\u201d dos veces campeona mundial de peso minimosca de la Asociaci\u00f3n Mundial de Boxeo (AMB).<\/p>\n\n\n\n<p>As\u00ed como Yessica \u201cKika\u201d Ch\u00e1vez, campeona Mundial Diamante del CMB; e Ibeth \u201cLa Roca\u201d Zamora, primera boxeadora mexicana en ganar tres t\u00edtulos mundiales en diferentes divisiones: Paja, minimosca de la AMB y el CMB, y mosca del CMB.<\/p>\n\n\n\n<p>Como representantes de los boxeadores estar\u00e1n Edwin \u201cCanito\u201d Cano Hern\u00e1ndez, \u00c1ngel \u201cCamale\u00f3n\u201d Ayala y Julio C\u00e9sar Cruz \u201cCachorro\u201d, entre otros.<\/p>\n\n\n\n<p>La Clase Nacional de Boxeo, que se realizar\u00e1 de manera simult\u00e1nea en plazas p\u00fablicas de todo el pa\u00eds, tiene el objetivo de acercar a ni\u00f1os y j\u00f3venes al deporte y fomentar en la sociedad una vida sana y lejos de las adicciones a trav\u00e9s de la activaci\u00f3n f\u00edsica, con enfoque en valores deportivos como constancia, compromiso y trabajo en equipo.<\/p>\n\n\n\n<p>En Toluca se espera la participaci\u00f3n de cinco mil personas que ser\u00e1n enlazadas con la actividad en el Z\u00f3calo de la Ciudad de M\u00e9xico, encabezada por la Presidenta Claudia Sheinbaum, logrando que todo M\u00e9xico celebre el deporte.<\/p>\n\n\n\n<p>Mientras que de forma virtual se conectar\u00e1n habitantes de 50 municipios del Estado de M\u00e9xico.<\/p>\n\n\n\n<p>Las personas interesadas en ser parte de esta actividad y disfrutar una ma\u00f1ana de box, podr\u00e1n acudir en compa\u00f1\u00eda de familia y amigos; se recomienda el uso de ropa deportiva, gorra y llevar agua para hidratarse.<\/p>\n","protected":false},"excerpt":{"rendered":"<p>1\/Abril \/2025 El domingo 6 de abril a las 7:30 am, participar\u00e1n m\u00e1s de cinco&#8230;<\/p>\n","protected":false},"author":3,"featured_media":82500,"comment_status":"closed","ping_status":"closed","sticky":false,"template":"","format":"standard","meta":{"footnotes":""},"categories":[4],"tags":[],"class_list":["post-82499","post","type-post","status-publish","format-standard","has-post-thumbnail","hentry","category-noticias-del-dia"],"_links":{"self":[{"href":"https:\/\/bambapolitica.com.mx\/index.php\/wp-json\/wp\/v2\/posts\/82499","targetHints":{"allow":["GET"]}}],"collection":[{"href":"https:\/\/bambapolitica.com.mx\/index.php\/wp-json\/wp\/v2\/posts"}],"about":[{"href":"https:\/\/bambapolitica.com.mx\/index.php\/wp-json\/wp\/v2\/types\/post"}],"author":[{"embeddable":true,"href":"https:\/\/bambapolitica.com.mx\/index.php\/wp-json\/wp\/v2\/users\/3"}],"replies":[{"embeddable":true,"href":"https:\/\/bambapolitica.com.mx\/index.php\/wp-json\/wp\/v2\/comments?post=82499"}],"version-history":[{"count":1,"href":"https:\/\/bambapolitica.com.mx\/index.php\/wp-json\/wp\/v2\/posts\/82499\/revisions"}],"predecessor-version":[{"id":82501,"href":"https:\/\/bambapolitica.com.mx\/index.php\/wp-json\/wp\/v2\/posts\/82499\/revisions\/82501"}],"wp:featuredmedia":[{"embeddable":true,"href":"https:\/\/bambapolitica.com.mx\/index.php\/wp-json\/wp\/v2\/media\/82500"}],"wp:attachment":[{"href":"https:\/\/bambapolitica.com.mx\/index.php\/wp-json\/wp\/v2\/media?parent=82499"}],"wp:term":[{"taxonomy":"category","embeddable":true,"href":"https:\/\/bambapolitica.com.mx\/index.php\/wp-json\/wp\/v2\/categories?post=82499"},{"taxonomy":"post_tag","embeddable":true,"href":"https:\/\/bambapolitica.com.mx\/index.php\/wp-json\/wp\/v2\/tags?post=82499"}],"curies":[{"name":"wp","href":"https:\/\/api.w.org\/{rel}","templated":true}]}}