{"id":82505,"date":"2025-04-02T09:59:38","date_gmt":"2025-04-02T15:59:38","guid":{"rendered":"https:\/\/bambapolitica.com.mx\/?p=82505"},"modified":"2025-04-02T09:59:43","modified_gmt":"2025-04-02T15:59:43","slug":"entrega-de-becas-rita-zetina-en-la-paz-mas-de-17-mil-estudiantes-beneficiados","status":"publish","type":"post","link":"https:\/\/bambapolitica.com.mx\/index.php\/2025\/04\/02\/entrega-de-becas-rita-zetina-en-la-paz-mas-de-17-mil-estudiantes-beneficiados\/","title":{"rendered":"Entrega de Becas &#8220;Rita Zetina&#8221;, en La Paz M\u00e1s de 17 mil Estudiantes Beneficiados"},"content":{"rendered":"\n<p>2\/Abril \/2025<\/p>\n\n\n\n<ul class=\"wp-block-list\">\n<li>Con entusiasmo estudiantes reciben sus becas<\/li>\n\n\n\n<li>Durante sus estudios recibir\u00e1n el apoyo<\/li>\n<\/ul>\n\n\n\n<p>La Paz, Edomex., 01 de abril de 2025.- El objetivo principal de la beca &#8220;Rita Zetina&#8221; es evitar que los estudiantes de nivel secundaria abandonen sus estudios&#8221;, afirm\u00f3 la presidenta municipal, Martha Guerrero S\u00e1nchez, quien se\u00f1al\u00f3 que el municipio de La Paz cuenta con el apoyo de la Federaci\u00f3n y el Gobierno del Estado.<\/p>\n\n\n\n<p>Es por ello, que la presidenta de la Rep\u00fablica Claudia Sheinbaum en esta ocasi\u00f3n a trav\u00e9s de la Secretar\u00eda de Educaci\u00f3n P\u00fablica y la del Bienestar Social, distribuir\u00e1n alrededor de 17 mil becas &#8220;Rita Zetina&#8221; a estudiantes de 22 planteles escolares de nivel secundaria del municipio, recordando que tambi\u00e9n se cuenta con el apoyo de la gobernadora Delfina G\u00f3mez.<\/p>\n\n\n\n<p>De igual forma a padres de familia que no pudieron inscribir a sus hijos lo podr\u00e1n hacer, luego de concluir su registro con la asistencia de los directivos escolares.<\/p>\n\n\n\n<p>La alcaldesa exhort\u00f3 a estudiantes y padres de familia a administrar de manera responsable el apoyo econ\u00f3mico de la beca, debido a que el prop\u00f3sito es evitar el abandono escolar y que los alumnos se alejen de la vagancia, por lo que con el recurso podr\u00e1n adquirir \u00fatiles escolares y uniformes.<\/p>\n\n\n\n<p>Este lunes inici\u00f3 la entrega ordinaria de tarjetas para estudiantes de secundaria; durante ocho d\u00edas se atender\u00e1 a los alumnos de las diversas escuelas, por lo que los padres de familia que no pudieron inscribir a sus hijos, lo podr\u00e1n hacer.<\/p>\n\n\n\n<p>Ricardo Ivan Miranda Vilchis, Director de Bienestar Social destac\u00f3 que el apoyo ser\u00e1 de 1900 pesos bimestral para cada joven estudiante durante sus estudios a nivel secundaria.<\/p>\n","protected":false},"excerpt":{"rendered":"<p>2\/Abril \/2025 La Paz, Edomex., 01 de abril de 2025.- El objetivo principal de la&#8230;<\/p>\n","protected":false},"author":3,"featured_media":82506,"comment_status":"closed","ping_status":"closed","sticky":false,"template":"","format":"standard","meta":{"footnotes":""},"categories":[4],"tags":[],"class_list":["post-82505","post","type-post","status-publish","format-standard","has-post-thumbnail","hentry","category-noticias-del-dia"],"_links":{"self":[{"href":"https:\/\/bambapolitica.com.mx\/index.php\/wp-json\/wp\/v2\/posts\/82505","targetHints":{"allow":["GET"]}}],"collection":[{"href":"https:\/\/bambapolitica.com.mx\/index.php\/wp-json\/wp\/v2\/posts"}],"about":[{"href":"https:\/\/bambapolitica.com.mx\/index.php\/wp-json\/wp\/v2\/types\/post"}],"author":[{"embeddable":true,"href":"https:\/\/bambapolitica.com.mx\/index.php\/wp-json\/wp\/v2\/users\/3"}],"replies":[{"embeddable":true,"href":"https:\/\/bambapolitica.com.mx\/index.php\/wp-json\/wp\/v2\/comments?post=82505"}],"version-history":[{"count":1,"href":"https:\/\/bambapolitica.com.mx\/index.php\/wp-json\/wp\/v2\/posts\/82505\/revisions"}],"predecessor-version":[{"id":82507,"href":"https:\/\/bambapolitica.com.mx\/index.php\/wp-json\/wp\/v2\/posts\/82505\/revisions\/82507"}],"wp:featuredmedia":[{"embeddable":true,"href":"https:\/\/bambapolitica.com.mx\/index.php\/wp-json\/wp\/v2\/media\/82506"}],"wp:attachment":[{"href":"https:\/\/bambapolitica.com.mx\/index.php\/wp-json\/wp\/v2\/media?parent=82505"}],"wp:term":[{"taxonomy":"category","embeddable":true,"href":"https:\/\/bambapolitica.com.mx\/index.php\/wp-json\/wp\/v2\/categories?post=82505"},{"taxonomy":"post_tag","embeddable":true,"href":"https:\/\/bambapolitica.com.mx\/index.php\/wp-json\/wp\/v2\/tags?post=82505"}],"curies":[{"name":"wp","href":"https:\/\/api.w.org\/{rel}","templated":true}]}}