{"id":82508,"date":"2025-04-02T10:01:11","date_gmt":"2025-04-02T16:01:11","guid":{"rendered":"https:\/\/bambapolitica.com.mx\/?p=82508"},"modified":"2025-04-02T10:01:23","modified_gmt":"2025-04-02T16:01:23","slug":"el-complejo-de-beisbol-se-pinto-de-verde-con-el-encuentro-entre-los-pericos-de-puebla-contra-las-aguilas-de-veracruz","status":"publish","type":"post","link":"https:\/\/bambapolitica.com.mx\/index.php\/2025\/04\/02\/el-complejo-de-beisbol-se-pinto-de-verde-con-el-encuentro-entre-los-pericos-de-puebla-contra-las-aguilas-de-veracruz\/","title":{"rendered":"EL COMPLEJO DE B\u00c9ISBOL SE PINT\u00d3 DE VERDE CON EL ENCUENTRO ENTRE LOS PERICOS DE PUEBLA CONTRA LAS \u00c1GUILAS DE VERACRUZ"},"content":{"rendered":"\n<p>2\/Abril \/2025<\/p>\n\n\n\n<p>El Presidente Municipal Nazario Guti\u00e9rrez Mart\u00ednez lanz\u00f3 la primera bola en esta justa deportiva<\/p>\n\n\n\n<p>\u2022 Plericos de Puebla se impusieron a las \u00c1guilas de Veracruz con 13 carreras a 9<\/p>\n\n\n\n<p>Tarde de b\u00e9isbol se pint\u00f3 de verde en el complejo municipal de Texcoco con el partido de pretemporada celebrado entre los Pericos Puebla y el \u00c1guila de Veracruz, ante la presencia de aficionados que se dieron cita para disfrutar al grito de \u201c\u00a1plaaay booool\u201d.<\/p>\n\n\n\n<p>Para dar inicio a este encuentro, el Presidente Municipal, Nazario Guti\u00e9rrez Mart\u00ednez realiz\u00f3 el lanzamiento de la primera bola, acompa\u00f1ado por los dirigentes de ambas instituciones deportivas y parte de su \u00f3rgano de gobierno, quienes presenciaron las justa deportiva en .<\/p>\n\n\n\n<p>El Alcalde durante su intervenci\u00f3n coment\u00f3 que en este lugar se encuentra un colegio dedicado a este deporte desde bachillerato hasta licenciatura, con una relevancia que va desde lo local hasta alcanzar toda la regi\u00f3n, llegando hasta los \u00e1mbitos nacionales y es por esto que se pueden llevar a cabo partidos de la talla de la liga profesional de b\u00e9isbol mexicano.<\/p>\n\n\n\n<p>Destac\u00f3 adem\u00e1s que la iniciativa de realizar este complejo fue gracias a la gesti\u00f3n realizada en su momento por Dr. Higinio Mart\u00ednez Miranda, ante el expresidente de M\u00e9xico, Lic. Andr\u00e9s Manuel L\u00f3pez Obrador.<\/p>\n\n\n\n<p>Ambos equipos dieron todo su empe\u00f1o durante el encuentro, tan es as\u00ed que un momento era liderado hasta la mitad del juego por el \u00c1guila de Veracruz y que al final se fue poniendo apretado hasta que los Pericos Puebla, quienes fungieron como locales, lograron el triunfo definitivo por 13 carreras a 9.<\/p>\n\n\n\n<p>El p\u00fablico asistente se mostr\u00f3 entusiasmado en todo momento apoyando a ambas escuadras y quienes asistieron de diferentes lugares para estar presentes en este tipo de eventos.<\/p>\n\n\n\n<p>Por su parte ambos equipos se mostraron muy complacidos por la respuesta que siempre encuentran cuando vienen de visita a este lugar, as\u00ed como por las instalaciones y atenci\u00f3n brindada por autoridades y personal del ayuntamiento de Texcoco.<\/p>\n\n\n\n<p>Quedando as\u00ed abierta la puerta a futuros encuentros de este calibre en este municipio, adem\u00e1s de que Texcoco se ha ido convirtiendo poco a poco en un semillero para los equipos de la liga profesional de b\u00e9isbol de nuestro pa\u00eds, ya que aseguraron es el mejor complelo de b\u00e9isbol en el Estado de M\u00e9xico.<\/p>\n\n\n\n<p>Por eso Los Pericos del Puebla lo eligieron para su entrenamiento esta temporada, ya que cuenta con las caracter\u00edsticas y condiciones para los jugadores profesionales.<\/p>\n","protected":false},"excerpt":{"rendered":"<p>2\/Abril \/2025 El Presidente Municipal Nazario Guti\u00e9rrez Mart\u00ednez lanz\u00f3 la primera bola en esta justa&#8230;<\/p>\n","protected":false},"author":3,"featured_media":82509,"comment_status":"closed","ping_status":"closed","sticky":false,"template":"","format":"standard","meta":{"footnotes":""},"categories":[4],"tags":[],"class_list":["post-82508","post","type-post","status-publish","format-standard","has-post-thumbnail","hentry","category-noticias-del-dia"],"_links":{"self":[{"href":"https:\/\/bambapolitica.com.mx\/index.php\/wp-json\/wp\/v2\/posts\/82508","targetHints":{"allow":["GET"]}}],"collection":[{"href":"https:\/\/bambapolitica.com.mx\/index.php\/wp-json\/wp\/v2\/posts"}],"about":[{"href":"https:\/\/bambapolitica.com.mx\/index.php\/wp-json\/wp\/v2\/types\/post"}],"author":[{"embeddable":true,"href":"https:\/\/bambapolitica.com.mx\/index.php\/wp-json\/wp\/v2\/users\/3"}],"replies":[{"embeddable":true,"href":"https:\/\/bambapolitica.com.mx\/index.php\/wp-json\/wp\/v2\/comments?post=82508"}],"version-history":[{"count":1,"href":"https:\/\/bambapolitica.com.mx\/index.php\/wp-json\/wp\/v2\/posts\/82508\/revisions"}],"predecessor-version":[{"id":82510,"href":"https:\/\/bambapolitica.com.mx\/index.php\/wp-json\/wp\/v2\/posts\/82508\/revisions\/82510"}],"wp:featuredmedia":[{"embeddable":true,"href":"https:\/\/bambapolitica.com.mx\/index.php\/wp-json\/wp\/v2\/media\/82509"}],"wp:attachment":[{"href":"https:\/\/bambapolitica.com.mx\/index.php\/wp-json\/wp\/v2\/media?parent=82508"}],"wp:term":[{"taxonomy":"category","embeddable":true,"href":"https:\/\/bambapolitica.com.mx\/index.php\/wp-json\/wp\/v2\/categories?post=82508"},{"taxonomy":"post_tag","embeddable":true,"href":"https:\/\/bambapolitica.com.mx\/index.php\/wp-json\/wp\/v2\/tags?post=82508"}],"curies":[{"name":"wp","href":"https:\/\/api.w.org\/{rel}","templated":true}]}}