{"id":82516,"date":"2025-04-03T10:36:10","date_gmt":"2025-04-03T16:36:10","guid":{"rendered":"https:\/\/bambapolitica.com.mx\/?p=82516"},"modified":"2025-04-03T10:36:13","modified_gmt":"2025-04-03T16:36:13","slug":"ya-son-tres-los-detenidos-por-la-balacera-de-ayer-en-chalco-se-confirma-la-muerte-de-dos-supuestos-invasores","status":"publish","type":"post","link":"https:\/\/bambapolitica.com.mx\/index.php\/2025\/04\/03\/ya-son-tres-los-detenidos-por-la-balacera-de-ayer-en-chalco-se-confirma-la-muerte-de-dos-supuestos-invasores\/","title":{"rendered":"YA SON TRES LOS DETENIDOS POR LA BALACERA DE AYER EN CHALCO; SE CONFIRMA LA MUERTE DE DOS SUPUESTOS INVASORES"},"content":{"rendered":"\n<p>3\/Abril \/2025<\/p>\n\n\n\n<p>Aseguran que solo defend\u00edan su propiedad de supuestos invasores.<\/p>\n\n\n\n<p>La Fiscal\u00eda General de Justicia del Estado de M\u00e9xico (FGJEM) inform\u00f3 que ya son tres los detenidos por la balacera ocurrida el martes 1 de abril en Tlapala, Chalco, Estado de M\u00e9xico.<\/p>\n\n\n\n<p>Los detenidos son Carlota \u00abN\u00bb, una mujer de la tercera edad, y dos personas m\u00e1s, Eduardo \u00abN\u00bb y Mariana \u00abN\u00bb, quienes presuntamente intervinieron en los hechos.<\/p>\n\n\n\n<p>La balacera se desat\u00f3 despu\u00e9s de una discusi\u00f3n por la invasi\u00f3n de un inmueble en la calle Hacienda La Labor de la unidad habitacional Ex Hacienda de Guadalupe.<\/p>\n\n\n\n<p>Un joven de 19 a\u00f1os, Justin, perdi\u00f3 la vida, as\u00ed como un menor de 14 a\u00f1os de edad. Ademas de que otro hombre, Esau, result\u00f3 herido por arma de fuego.<\/p>\n\n\n\n<p>Seg\u00fan testigos, los agresores llegaron en un auto Ford Fiesta color gris, reclamando una propiedad que supuestamente era invadida.<\/p>\n\n\n\n<p>La mujer de la tercera edad, Carlota \u00abN\u00bb, fue captada en un video disparando contra las v\u00edctimas, adem\u00e1s de otro familiar de la mujer qui\u00e9n tambi\u00e9n porta un arma de fuego.<\/p>\n\n\n\n<p>La FGJEM inform\u00f3 que los detenidos est\u00e1n siendo investigados por su probable intervenci\u00f3n en los hechos, y que se contin\u00faa trabajando para esclarecer los detalles de la balacera.<\/p>\n","protected":false},"excerpt":{"rendered":"<p>3\/Abril \/2025 Aseguran que solo defend\u00edan su propiedad de supuestos invasores. La Fiscal\u00eda General de&#8230;<\/p>\n","protected":false},"author":3,"featured_media":82517,"comment_status":"closed","ping_status":"closed","sticky":false,"template":"","format":"standard","meta":{"footnotes":""},"categories":[4],"tags":[],"class_list":["post-82516","post","type-post","status-publish","format-standard","has-post-thumbnail","hentry","category-noticias-del-dia"],"_links":{"self":[{"href":"https:\/\/bambapolitica.com.mx\/index.php\/wp-json\/wp\/v2\/posts\/82516","targetHints":{"allow":["GET"]}}],"collection":[{"href":"https:\/\/bambapolitica.com.mx\/index.php\/wp-json\/wp\/v2\/posts"}],"about":[{"href":"https:\/\/bambapolitica.com.mx\/index.php\/wp-json\/wp\/v2\/types\/post"}],"author":[{"embeddable":true,"href":"https:\/\/bambapolitica.com.mx\/index.php\/wp-json\/wp\/v2\/users\/3"}],"replies":[{"embeddable":true,"href":"https:\/\/bambapolitica.com.mx\/index.php\/wp-json\/wp\/v2\/comments?post=82516"}],"version-history":[{"count":1,"href":"https:\/\/bambapolitica.com.mx\/index.php\/wp-json\/wp\/v2\/posts\/82516\/revisions"}],"predecessor-version":[{"id":82518,"href":"https:\/\/bambapolitica.com.mx\/index.php\/wp-json\/wp\/v2\/posts\/82516\/revisions\/82518"}],"wp:featuredmedia":[{"embeddable":true,"href":"https:\/\/bambapolitica.com.mx\/index.php\/wp-json\/wp\/v2\/media\/82517"}],"wp:attachment":[{"href":"https:\/\/bambapolitica.com.mx\/index.php\/wp-json\/wp\/v2\/media?parent=82516"}],"wp:term":[{"taxonomy":"category","embeddable":true,"href":"https:\/\/bambapolitica.com.mx\/index.php\/wp-json\/wp\/v2\/categories?post=82516"},{"taxonomy":"post_tag","embeddable":true,"href":"https:\/\/bambapolitica.com.mx\/index.php\/wp-json\/wp\/v2\/tags?post=82516"}],"curies":[{"name":"wp","href":"https:\/\/api.w.org\/{rel}","templated":true}]}}