{"id":82519,"date":"2025-04-03T12:47:15","date_gmt":"2025-04-03T18:47:15","guid":{"rendered":"https:\/\/bambapolitica.com.mx\/?p=82519"},"modified":"2025-04-03T12:47:18","modified_gmt":"2025-04-03T18:47:18","slug":"en-la-paz-aparecen-licencias-de-uso-de-suelo-falsas-entregadas-por-ex-empleados","status":"publish","type":"post","link":"https:\/\/bambapolitica.com.mx\/index.php\/2025\/04\/03\/en-la-paz-aparecen-licencias-de-uso-de-suelo-falsas-entregadas-por-ex-empleados\/","title":{"rendered":"En La Paz, Aparecen licencias de uso de suelo falsas entregadas por ex empleados"},"content":{"rendered":"\n<p>3\/Abril \/2025<\/p>\n\n\n\n<ul class=\"wp-block-list\">\n<li>Empresarios fueron enga\u00f1ados<\/li>\n\n\n\n<li>La Fiscal\u00eda Estatal debe investigar<\/li>\n<\/ul>\n\n\n\n<p>La Paz, Edomex., 03 de abril de 2025.- Debido al cambio de las licencias de uso de suelo que deben realizar las empresas cada a\u00f1o, el Gobierno Municipal ha comenzado a detectar licencias falsas emitidas por empleados de la administraci\u00f3n pasada, denunci\u00f3 el director de Desarrollo Urbano y Ordenamiento Territorial, Leonardo Rosas.<\/p>\n\n\n\n<p>Detall\u00f3 que hasta el momento han aparecido tres documentos falsos los cuales en algunos casos las hojas membretadas son ilegibles, los folios no coinciden, hay firmas falsas, y varias carecen de expedientes, entre otras irregularidades.<\/p>\n\n\n\n<p>Ante ello, la presidenta municipal Martha Guerrero S\u00e1nchez, pidi\u00f3 a la direcci\u00f3n de Desarrollo Urbano presentar las denuncias ante la Agencia del Ministerio P\u00fablico de la Fiscal\u00eda General de Justicia del Estado de M\u00e9xico (FGJEM) para su investigaci\u00f3n de los ex servidores p\u00fablicos.<\/p>\n\n\n\n<p>La presidenta municipal Martha Guerrero S\u00e1nchez instruy\u00f3 al director de dicha \u00e1rea, Leonardo Rosas, a continuar con las demandas debido a que puede haber m\u00e1s documentaci\u00f3n falsa, utilizada para evitar el ingreso econ\u00f3mico a las arcas de la administraci\u00f3n, evitando la transformaci\u00f3n de La Paz.<\/p>\n\n\n\n<p>El gobierno reitera su compromiso de colaborar de manera cercana con las autoridades competentes para garantizar que todos los tr\u00e1mites sean leg\u00edtimos, seguros y en estricto cumplimiento de la ley.<\/p>\n\n\n\n<p>Ante cualquier duda o sospecha pueden acercarse a las oficinas de Desarrollo Urbano del Ayuntamiento de La Paz para su revisi\u00f3n y verificaci\u00f3n.<\/p>\n","protected":false},"excerpt":{"rendered":"<p>3\/Abril \/2025 La Paz, Edomex., 03 de abril de 2025.- Debido al cambio de las&#8230;<\/p>\n","protected":false},"author":3,"featured_media":82520,"comment_status":"closed","ping_status":"closed","sticky":false,"template":"","format":"standard","meta":{"footnotes":""},"categories":[4],"tags":[],"class_list":["post-82519","post","type-post","status-publish","format-standard","has-post-thumbnail","hentry","category-noticias-del-dia"],"_links":{"self":[{"href":"https:\/\/bambapolitica.com.mx\/index.php\/wp-json\/wp\/v2\/posts\/82519","targetHints":{"allow":["GET"]}}],"collection":[{"href":"https:\/\/bambapolitica.com.mx\/index.php\/wp-json\/wp\/v2\/posts"}],"about":[{"href":"https:\/\/bambapolitica.com.mx\/index.php\/wp-json\/wp\/v2\/types\/post"}],"author":[{"embeddable":true,"href":"https:\/\/bambapolitica.com.mx\/index.php\/wp-json\/wp\/v2\/users\/3"}],"replies":[{"embeddable":true,"href":"https:\/\/bambapolitica.com.mx\/index.php\/wp-json\/wp\/v2\/comments?post=82519"}],"version-history":[{"count":1,"href":"https:\/\/bambapolitica.com.mx\/index.php\/wp-json\/wp\/v2\/posts\/82519\/revisions"}],"predecessor-version":[{"id":82521,"href":"https:\/\/bambapolitica.com.mx\/index.php\/wp-json\/wp\/v2\/posts\/82519\/revisions\/82521"}],"wp:featuredmedia":[{"embeddable":true,"href":"https:\/\/bambapolitica.com.mx\/index.php\/wp-json\/wp\/v2\/media\/82520"}],"wp:attachment":[{"href":"https:\/\/bambapolitica.com.mx\/index.php\/wp-json\/wp\/v2\/media?parent=82519"}],"wp:term":[{"taxonomy":"category","embeddable":true,"href":"https:\/\/bambapolitica.com.mx\/index.php\/wp-json\/wp\/v2\/categories?post=82519"},{"taxonomy":"post_tag","embeddable":true,"href":"https:\/\/bambapolitica.com.mx\/index.php\/wp-json\/wp\/v2\/tags?post=82519"}],"curies":[{"name":"wp","href":"https:\/\/api.w.org\/{rel}","templated":true}]}}