{"id":82546,"date":"2025-04-07T09:14:13","date_gmt":"2025-04-07T15:14:13","guid":{"rendered":"https:\/\/bambapolitica.com.mx\/?p=82546"},"modified":"2025-04-07T09:14:18","modified_gmt":"2025-04-07T15:14:18","slug":"la-alcaldesa-de-la-paz-martha-guerrero-y-el-pugilista-emmanuel-el-vaquero-se-unen-a-clase-de-box","status":"publish","type":"post","link":"https:\/\/bambapolitica.com.mx\/index.php\/2025\/04\/07\/la-alcaldesa-de-la-paz-martha-guerrero-y-el-pugilista-emmanuel-el-vaquero-se-unen-a-clase-de-box\/","title":{"rendered":"La alcaldesa de la Paz, Martha Guerrero y el pugilista Emmanuel El Vaquero\u00bb se unen a clase de box"},"content":{"rendered":"\n<p>7\/ Abril\/2025<\/p>\n\n\n\n<p>Se busca fomentar el deporte para todas las edades en nuestro municipio de La Paz<\/p>\n\n\n\n<p>La Paz, Edomex.- El municipio de La Paz participa en la Clase Nacional de Boxeo, con una serie de actividades deportivas para fomentar el deporte y evitar que ni\u00f1os, j\u00f3venes y adultos caigan en el ocio y la drogadicci\u00f3n, se\u00f1al\u00f3 la presidenta municipal Martha Guerrero S\u00e1nchez.<\/p>\n\n\n\n<p>Durante su participaci\u00f3n en la Clase Nacional de Boxeo, en compa\u00f1\u00eda del boxeador Emanuel \u00abEl Vaquero\u00bb Navarrete, la alcaldesa dijo que se realizar\u00e1n diversas actividades en los espacios que hay en el territorio local.<\/p>\n\n\n\n<p>Esta actividad fue simult\u00e1nea a nivel nacional, con el objetivo principal de fomentar el deporte y que las autoridades en cada lugar sean los promotores de los mismos.<\/p>\n\n\n\n<p>La explanada del Palacio de Gobierno fue el escenario para realizar la clase masiva de Box, donde asistieron personas de todas las edades y comunidades.<\/p>\n\n\n\n<p>Por su parte, el director del Instituto Municipal de Cultura Fisica y Deporte de La Paz (IMCUFIDE), Antonio Villanueva, afirm\u00f3 que hay suficientes espacios deportivos para la pr\u00e1ctica de cualquier actividad, incluso algunos ser\u00e1n rescatados con murales art\u00edsticos.<\/p>\n\n\n\n<p>La finalidad de este tipo de eventos, es que la comunidad se una a diversas actividades sin importar la edad y hacerles saber la importancia del deporte.<\/p>\n","protected":false},"excerpt":{"rendered":"<p>7\/ Abril\/2025 Se busca fomentar el deporte para todas las edades en nuestro municipio de&#8230;<\/p>\n","protected":false},"author":3,"featured_media":82547,"comment_status":"closed","ping_status":"closed","sticky":false,"template":"","format":"standard","meta":{"footnotes":""},"categories":[4],"tags":[],"class_list":["post-82546","post","type-post","status-publish","format-standard","has-post-thumbnail","hentry","category-noticias-del-dia"],"_links":{"self":[{"href":"https:\/\/bambapolitica.com.mx\/index.php\/wp-json\/wp\/v2\/posts\/82546","targetHints":{"allow":["GET"]}}],"collection":[{"href":"https:\/\/bambapolitica.com.mx\/index.php\/wp-json\/wp\/v2\/posts"}],"about":[{"href":"https:\/\/bambapolitica.com.mx\/index.php\/wp-json\/wp\/v2\/types\/post"}],"author":[{"embeddable":true,"href":"https:\/\/bambapolitica.com.mx\/index.php\/wp-json\/wp\/v2\/users\/3"}],"replies":[{"embeddable":true,"href":"https:\/\/bambapolitica.com.mx\/index.php\/wp-json\/wp\/v2\/comments?post=82546"}],"version-history":[{"count":1,"href":"https:\/\/bambapolitica.com.mx\/index.php\/wp-json\/wp\/v2\/posts\/82546\/revisions"}],"predecessor-version":[{"id":82548,"href":"https:\/\/bambapolitica.com.mx\/index.php\/wp-json\/wp\/v2\/posts\/82546\/revisions\/82548"}],"wp:featuredmedia":[{"embeddable":true,"href":"https:\/\/bambapolitica.com.mx\/index.php\/wp-json\/wp\/v2\/media\/82547"}],"wp:attachment":[{"href":"https:\/\/bambapolitica.com.mx\/index.php\/wp-json\/wp\/v2\/media?parent=82546"}],"wp:term":[{"taxonomy":"category","embeddable":true,"href":"https:\/\/bambapolitica.com.mx\/index.php\/wp-json\/wp\/v2\/categories?post=82546"},{"taxonomy":"post_tag","embeddable":true,"href":"https:\/\/bambapolitica.com.mx\/index.php\/wp-json\/wp\/v2\/tags?post=82546"}],"curies":[{"name":"wp","href":"https:\/\/api.w.org\/{rel}","templated":true}]}}