{"id":82549,"date":"2025-04-07T09:16:29","date_gmt":"2025-04-07T15:16:29","guid":{"rendered":"https:\/\/bambapolitica.com.mx\/?p=82549"},"modified":"2025-04-07T09:16:34","modified_gmt":"2025-04-07T15:16:34","slug":"refuerza-ss-seguridad-en-un-despliegue-operativo-en-texcoco-en-la-feria-del-caballo","status":"publish","type":"post","link":"https:\/\/bambapolitica.com.mx\/index.php\/2025\/04\/07\/refuerza-ss-seguridad-en-un-despliegue-operativo-en-texcoco-en-la-feria-del-caballo\/","title":{"rendered":"Refuerza SS seguridad en un despliegue operativo en Texcoco, en la feria del caballo"},"content":{"rendered":"\n<p>7\/ Abril\/2025<\/p>\n\n\n\n<p>El objetivo es que comerciantes y familias cuenten con la certeza de que al asistir est\u00e1n seguros._<\/p>\n\n\n\n<p>\u2022\u2060 \u2060_Para esta estrategia participan 240 elementos de la dependencia estatal, con apoyo de 50 efectivos municipales, divididos en diferentes c\u00e9lulas, que realizan patrullajes al exterior e interior._<\/p>\n\n\n\n<p>La Secretar\u00eda de Seguridad del Estado de M\u00e9xico (SSEM) y el Ayuntamiento refuerzan despliegues operativos estrat\u00e9gicos al exterior e interior de la Feria Internacional del Caballo Texcoco 2025, en su edici\u00f3n 42. En esta estrategia, participan 240 elementos de la dependencia estatal y 50 efectivos municipales.<\/p>\n\n\n\n<p>El titular de la dependencia estatal, Crist\u00f3bal Casta\u00f1eda Camarillo, refiri\u00f3 que desde el inici\u00f3 de las actividades en el recinto ferial, el pasado el 28 de marzo y hasta su t\u00e9rmino el 27 de abril del a\u00f1o en curso, la Secretar\u00eda de Seguridad mantendr\u00e1 el dispositivo; a\u00f1adi\u00f3 que participan efectivos de diferentes agrupamientos.<\/p>\n\n\n\n<p>Para agilizar el acceso, polic\u00edas de la Direcci\u00f3n General de Seguridad P\u00fablica y Tr\u00e1nsito (DGSPyT) establecieron un dispositivo de vehicular a la entrada de la feria, as\u00ed como en vialidades como la carretera Lecher\u00eda \u2013 Texcoco, en la convergencia de las vialidades que van hacia Puebla, Veracruz, Quer\u00e9taro e Hidalgo tambi\u00e9n se mantienen puntos de vigilancia.<\/p>\n\n\n\n<p>En los cuatro estacionamientos con lo que cuentan el lugar, efectivos de ambas corporaciones formaron c\u00e9lulas que desde las 16:00 y hasta el t\u00e9rmino de las actividades del d\u00eda, realizan patrullajes a pie tierra con el objetivo de inhibir el robo de autopartes y de veh\u00edculos.<\/p>\n\n\n\n<p>Al interior, de igual forma se desplegaron grupos de uniformados que se mantienen alerta ante cualquier eventualidad que los asistentes pudieran solicitar, adem\u00e1s de establecer contacto con la ciudadan\u00eda y recordar que ante cualquier contingencia pueden acercarse a las fuerzas de seguridad o llamar a los n\u00fameros de emergencia.<\/p>\n\n\n\n<p>Entre los resultados que se han obtenido, polic\u00edas estatales y municipales hallaron una v\u00edbora en las inmediaciones, misma que fue retirada por personal de Protecci\u00f3n Civil. Tambi\u00e9n se apoy\u00f3 en la localizaci\u00f3n de un menor de ocho a\u00f1os de edad, quien se extravi\u00f3 en la feria y que tras labores de b\u00fasqueda fue encontrado y entregado a sus familiares.<\/p>\n\n\n\n<p>Adem\u00e1s, como parte de las acciones de prevenci\u00f3n y combate de il\u00edcitos se han detenido cinco personas por su posible relaci\u00f3n en delitos contra la salud y decomisado aparentes drogas conocidas como marihuana y coca\u00edna.<\/p>\n\n\n\n<p>Con estas acciones, la Secretar\u00eda de Seguridad refrenda su compromiso de generar sinergia con los tres \u00f3rdenes de gobierno, como lo establecen las Mesas de Coordinaci\u00f3n para la Construcci\u00f3n de la Paz, en beneficio de las y los visitantes que asisten a divertirse.<\/p>\n","protected":false},"excerpt":{"rendered":"<p>7\/ Abril\/2025 El objetivo es que comerciantes y familias cuenten con la certeza de que&#8230;<\/p>\n","protected":false},"author":3,"featured_media":82550,"comment_status":"closed","ping_status":"closed","sticky":false,"template":"","format":"standard","meta":{"footnotes":""},"categories":[4],"tags":[],"class_list":["post-82549","post","type-post","status-publish","format-standard","has-post-thumbnail","hentry","category-noticias-del-dia"],"_links":{"self":[{"href":"https:\/\/bambapolitica.com.mx\/index.php\/wp-json\/wp\/v2\/posts\/82549","targetHints":{"allow":["GET"]}}],"collection":[{"href":"https:\/\/bambapolitica.com.mx\/index.php\/wp-json\/wp\/v2\/posts"}],"about":[{"href":"https:\/\/bambapolitica.com.mx\/index.php\/wp-json\/wp\/v2\/types\/post"}],"author":[{"embeddable":true,"href":"https:\/\/bambapolitica.com.mx\/index.php\/wp-json\/wp\/v2\/users\/3"}],"replies":[{"embeddable":true,"href":"https:\/\/bambapolitica.com.mx\/index.php\/wp-json\/wp\/v2\/comments?post=82549"}],"version-history":[{"count":1,"href":"https:\/\/bambapolitica.com.mx\/index.php\/wp-json\/wp\/v2\/posts\/82549\/revisions"}],"predecessor-version":[{"id":82551,"href":"https:\/\/bambapolitica.com.mx\/index.php\/wp-json\/wp\/v2\/posts\/82549\/revisions\/82551"}],"wp:featuredmedia":[{"embeddable":true,"href":"https:\/\/bambapolitica.com.mx\/index.php\/wp-json\/wp\/v2\/media\/82550"}],"wp:attachment":[{"href":"https:\/\/bambapolitica.com.mx\/index.php\/wp-json\/wp\/v2\/media?parent=82549"}],"wp:term":[{"taxonomy":"category","embeddable":true,"href":"https:\/\/bambapolitica.com.mx\/index.php\/wp-json\/wp\/v2\/categories?post=82549"},{"taxonomy":"post_tag","embeddable":true,"href":"https:\/\/bambapolitica.com.mx\/index.php\/wp-json\/wp\/v2\/tags?post=82549"}],"curies":[{"name":"wp","href":"https:\/\/api.w.org\/{rel}","templated":true}]}}