{"id":82554,"date":"2025-04-07T09:44:59","date_gmt":"2025-04-07T15:44:59","guid":{"rendered":"https:\/\/bambapolitica.com.mx\/?p=82554"},"modified":"2025-04-07T09:45:06","modified_gmt":"2025-04-07T15:45:06","slug":"le-quitan-la-vida-a-hombre-en-valle-de-chalco-lo-dejaron-picado","status":"publish","type":"post","link":"https:\/\/bambapolitica.com.mx\/index.php\/2025\/04\/07\/le-quitan-la-vida-a-hombre-en-valle-de-chalco-lo-dejaron-picado\/","title":{"rendered":"Le quitan la vida a hombre en Valle de Chalco, lo dejaron picado"},"content":{"rendered":"\n<p>7\/ Abril\/2025<\/p>\n\n\n\n<p>Vecinos de la zona piden mayor seguridad e iluminaci\u00f3n<\/p>\n\n\n\n<p>\u201cAmanecimos con un muerto\u201d. Vecinos de la colonia Santa Cruz, en Valle de Chalco, se avisaron durante las primeras horas de este s\u00e1bado sobre el deceso de una persona en la Calle Sur 8.<\/p>\n\n\n\n<p>Afuera de una casa de fachada azul y puerta blanca, entre la Av. Del Mazo y Oriente 1, encontraron a un joven sin vida con heridas de arma punzocortante, quien fue desvivido en un presunto asalto.<\/p>\n\n\n\n<p>El hombre, de aproximadamente 30 a\u00f1os, ten\u00eda una herida en el pecho y las manos ensangrentadas. De acuerdo con habitantes, su cuerpo estuvo ah\u00ed desde las cinco de la ma\u00f1ana.<\/p>\n\n\n\n<p>A pesar de que vecinos se acercaron para tratar de identificar al difunto, quien ten\u00eda dos tatuajes en el cuerpo, nadie lo reconoci\u00f3.<\/p>\n\n\n\n<p>Peritos de la Fiscal\u00eda General de Justicia del Estado de M\u00e9xico (FGJEM) retiraron el cuerpo de la v\u00eda p\u00fablica despu\u00e9s de las diez de la ma\u00f1ana.<\/p>\n\n\n\n<p>Polic\u00edas municipales que acordonaron el \u00e1rea fueron criticados por los mismos colonos, debido a que, se\u00f1alan, solo se presentan cuando ya hay una persona muerta. Han solicitado m\u00e1s patrullajes y luminaria en la zona, pero han sido ignorados por las autoridades.<\/p>\n\n\n\n<p>A estas quejas se suman las protestas contra el alcalde Alan Velasco Ag\u00fcero, a quien acusan de ignorar los temas de seguridad en el municipio.<\/p>\n\n\n\n<p>La Santa Cruz encabeza la lista de colonias de atenci\u00f3n prioritaria en Valle de Chalco por su alta incidencia delictiva. Le sigue la Providencia, la Guadalupana I, Mar\u00eda Isabel y Santiago.<\/p>\n","protected":false},"excerpt":{"rendered":"<p>7\/ Abril\/2025 Vecinos de la zona piden mayor seguridad e iluminaci\u00f3n \u201cAmanecimos con un muerto\u201d&#8230;.<\/p>\n","protected":false},"author":3,"featured_media":82555,"comment_status":"closed","ping_status":"closed","sticky":false,"template":"","format":"standard","meta":{"footnotes":""},"categories":[4],"tags":[],"class_list":["post-82554","post","type-post","status-publish","format-standard","has-post-thumbnail","hentry","category-noticias-del-dia"],"_links":{"self":[{"href":"https:\/\/bambapolitica.com.mx\/index.php\/wp-json\/wp\/v2\/posts\/82554","targetHints":{"allow":["GET"]}}],"collection":[{"href":"https:\/\/bambapolitica.com.mx\/index.php\/wp-json\/wp\/v2\/posts"}],"about":[{"href":"https:\/\/bambapolitica.com.mx\/index.php\/wp-json\/wp\/v2\/types\/post"}],"author":[{"embeddable":true,"href":"https:\/\/bambapolitica.com.mx\/index.php\/wp-json\/wp\/v2\/users\/3"}],"replies":[{"embeddable":true,"href":"https:\/\/bambapolitica.com.mx\/index.php\/wp-json\/wp\/v2\/comments?post=82554"}],"version-history":[{"count":1,"href":"https:\/\/bambapolitica.com.mx\/index.php\/wp-json\/wp\/v2\/posts\/82554\/revisions"}],"predecessor-version":[{"id":82556,"href":"https:\/\/bambapolitica.com.mx\/index.php\/wp-json\/wp\/v2\/posts\/82554\/revisions\/82556"}],"wp:featuredmedia":[{"embeddable":true,"href":"https:\/\/bambapolitica.com.mx\/index.php\/wp-json\/wp\/v2\/media\/82555"}],"wp:attachment":[{"href":"https:\/\/bambapolitica.com.mx\/index.php\/wp-json\/wp\/v2\/media?parent=82554"}],"wp:term":[{"taxonomy":"category","embeddable":true,"href":"https:\/\/bambapolitica.com.mx\/index.php\/wp-json\/wp\/v2\/categories?post=82554"},{"taxonomy":"post_tag","embeddable":true,"href":"https:\/\/bambapolitica.com.mx\/index.php\/wp-json\/wp\/v2\/tags?post=82554"}],"curies":[{"name":"wp","href":"https:\/\/api.w.org\/{rel}","templated":true}]}}