{"id":82560,"date":"2025-04-07T09:56:48","date_gmt":"2025-04-07T15:56:48","guid":{"rendered":"https:\/\/bambapolitica.com.mx\/?p=82560"},"modified":"2025-04-07T09:56:52","modified_gmt":"2025-04-07T15:56:52","slug":"comienza-la-guerra-de-denuncias-morena-va-contra-mc-pan-y-pri-por-actos-anticipados-de-campana-en-veracruz","status":"publish","type":"post","link":"https:\/\/bambapolitica.com.mx\/index.php\/2025\/04\/07\/comienza-la-guerra-de-denuncias-morena-va-contra-mc-pan-y-pri-por-actos-anticipados-de-campana-en-veracruz\/","title":{"rendered":"Comienza la guerra de denuncias; Morena va contra MC, PAN y PRI por actos anticipados de campa\u00f1a en Veracruz"},"content":{"rendered":"\n<p>7\/ Abril\/2025<\/p>\n\n\n\n<p>Por considerar que existen elementos de sobra para demostrar que varios de los candidatos de MC, PAN y PRI, han cometido actos anticipados de campa\u00f1a, el representante de Morena ante el Consejo General del Organismo P\u00fablico Local Electoral (OPLE), Gabriel On\u00e9simo Z\u00fa\u00f1iga Ovando, anunci\u00f3 que se presentar\u00e1 una serie de denuncias en los pr\u00f3ximos d\u00edas. <\/p>\n\n\n\n<p>&#8220;Tenemos la contenci\u00f3n suficiente y jur\u00eddicamente hablando, estamos preparados para responder, pero tambi\u00e9n para contraatacar y frenar cualquier queja infundada&#8221;, afirm\u00f3. Las denuncias ser\u00edan por actos anticipados de campa\u00f1a en contra de aspirantes a las presidencias municipales. Adem\u00e1s, dijo que exigir\u00e1n que se cumpla con la equidad de g\u00e9nero e imparcialidad en la contienda que define la Ley. Z\u00fa\u00f1iga Ovando explic\u00f3 que el expediente correspondiente a Movimiento Ciudadano, en Xalapa, cuenta con todo el sustento legal para denunciar a su candidato. Dijo que han detectado espectaculares y lonas en diversas colonias con la clara promoci\u00f3n de la imagen de una persona, lo que podr\u00eda constituir un acto anticipado de campa\u00f1a. <\/p>\n\n\n\n<p>En el mismo sentido, el representante de Morena adelant\u00f3 que se emitir\u00e1 un exhorto al OPLE para que las quejas presentadas en contra de mujeres de la Cuarta Transformaci\u00f3n sean revisadas con perspectiva de g\u00e9nero. &#8220;No es posible que los representantes de Movimiento Ciudadano presenten quejas constantes en contra de las mujeres promotoras de la Cuarta Transformaci\u00f3n. Vamos a pedirle al OPLE que sea exhaustivo y minucioso en estas revisiones y que no permita que ning\u00fan hombre pretenda restringir a las mujeres desde un punto de vista pol\u00edtico&#8221;, expres\u00f3. El representante de Morena concluy\u00f3 que cualquier denuncia contra las morenistas debe analizarse con equidad y sin sesgos que puedan afectar su derecho a la participaci\u00f3n pol\u00edtica.<\/p>\n","protected":false},"excerpt":{"rendered":"<p>7\/ Abril\/2025 Por considerar que existen elementos de sobra para demostrar que varios de los&#8230;<\/p>\n","protected":false},"author":3,"featured_media":82561,"comment_status":"closed","ping_status":"closed","sticky":false,"template":"","format":"standard","meta":{"footnotes":""},"categories":[4],"tags":[],"class_list":["post-82560","post","type-post","status-publish","format-standard","has-post-thumbnail","hentry","category-noticias-del-dia"],"_links":{"self":[{"href":"https:\/\/bambapolitica.com.mx\/index.php\/wp-json\/wp\/v2\/posts\/82560","targetHints":{"allow":["GET"]}}],"collection":[{"href":"https:\/\/bambapolitica.com.mx\/index.php\/wp-json\/wp\/v2\/posts"}],"about":[{"href":"https:\/\/bambapolitica.com.mx\/index.php\/wp-json\/wp\/v2\/types\/post"}],"author":[{"embeddable":true,"href":"https:\/\/bambapolitica.com.mx\/index.php\/wp-json\/wp\/v2\/users\/3"}],"replies":[{"embeddable":true,"href":"https:\/\/bambapolitica.com.mx\/index.php\/wp-json\/wp\/v2\/comments?post=82560"}],"version-history":[{"count":1,"href":"https:\/\/bambapolitica.com.mx\/index.php\/wp-json\/wp\/v2\/posts\/82560\/revisions"}],"predecessor-version":[{"id":82562,"href":"https:\/\/bambapolitica.com.mx\/index.php\/wp-json\/wp\/v2\/posts\/82560\/revisions\/82562"}],"wp:featuredmedia":[{"embeddable":true,"href":"https:\/\/bambapolitica.com.mx\/index.php\/wp-json\/wp\/v2\/media\/82561"}],"wp:attachment":[{"href":"https:\/\/bambapolitica.com.mx\/index.php\/wp-json\/wp\/v2\/media?parent=82560"}],"wp:term":[{"taxonomy":"category","embeddable":true,"href":"https:\/\/bambapolitica.com.mx\/index.php\/wp-json\/wp\/v2\/categories?post=82560"},{"taxonomy":"post_tag","embeddable":true,"href":"https:\/\/bambapolitica.com.mx\/index.php\/wp-json\/wp\/v2\/tags?post=82560"}],"curies":[{"name":"wp","href":"https:\/\/api.w.org\/{rel}","templated":true}]}}