{"id":82563,"date":"2025-04-07T10:04:49","date_gmt":"2025-04-07T16:04:49","guid":{"rendered":"https:\/\/bambapolitica.com.mx\/?p=82563"},"modified":"2025-04-07T10:04:54","modified_gmt":"2025-04-07T16:04:54","slug":"edomex-establece-record-de-participantes-en-la-clase-nacional-de-boxeo-cuantos-fueron","status":"publish","type":"post","link":"https:\/\/bambapolitica.com.mx\/index.php\/2025\/04\/07\/edomex-establece-record-de-participantes-en-la-clase-nacional-de-boxeo-cuantos-fueron\/","title":{"rendered":"Edom\u00e9x establece r\u00e9cord de participantes en la Clase Nacional de Boxeo: \u00bfCu\u00e1ntos fueron?"},"content":{"rendered":"\n<p>7\/ Abril\/2025<\/p>\n\n\n\n<p>El evento estuvo encabezado por la gobernadora Delfina G\u00f3mez \u00c1lvarez.<\/p>\n\n\n\n<p>El Estado de M\u00e9xico se subi\u00f3 al cuadril\u00e1tero para luchar Por la Paz y Contra las Adicciones en la Clase Nacional de Box encabezada por la gobernadora Delfina G\u00f3mez \u00c1lvarez, que marc\u00f3 r\u00e9cord con m\u00e1s de 50 mil participantes que se congregaron en el Parque Ambiental Bicentenario de Metepec, as\u00ed como en las principales plazas y parques de la entidad.<\/p>\n\n\n\n<p>\u201cGracias a todos ustedes mexiquenses por estar aqu\u00ed, aprovecho para agradecerles a nuestros compa\u00f1eros de los diferentes municipios, tenemos alrededor de 50 mil, ahora s\u00ed que participantes en los diferentes, en los cien municipios, m\u00e1s de cien municipios que ahorita participaron y eso me da mucho gusto&#8221;, se\u00f1al\u00f3 la gobernadora Delfina G\u00f3mez \u00c1lvarez al conectar un nocaut contra las adicciones.<br><\/p>\n\n\n\n<p>Clase de box form\u00f3 parte de estrategia de seguridad<br>Esta iniciativa promovida por el Gobierno Federal forma parte de la Estrategia Nacional de Seguridad en el eje atenci\u00f3n a las causas. Tiene como objetivo canalizar las energ\u00edas de la juventud hacia la activaci\u00f3n f\u00edsica, la cultura y la participaci\u00f3n comunitaria, como herramientas de transformaci\u00f3n social.<\/p>\n\n\n\n<p>La mandataria mexiquense expres\u00f3 su inter\u00e9s para que la actividad del boxeo y el deporte en general vaya m\u00e1s all\u00e1 de una simple demostraci\u00f3n en el Estado de M\u00e9xico.<\/p>\n\n\n\n<p>&#8220;No solamente queremos quedarnos con una demostraci\u00f3n, sino tambi\u00e9n invitar a los compa\u00f1eros a que podamos trabajar en un proyecto en donde se establezcan algunos m\u00f3dulos de escuela de boxeo en el Estado de M\u00e9xico&#8221;, apunt\u00f3 la gobernadora Delfina G\u00f3mez \u00c1lvarez.<br>Se\u00f1al\u00f3 que, a trav\u00e9s del deporte, se busca acercar opciones de desarrollo y alternativas a la juventud, para alejarse de malas conductas que afectan a ellos y a sus familias.<\/p>\n\n\n\n<p>Fue un emotivo evento de ambiente familiar, de amistad y deportivo, en el que miles de mexiquenses se enlazaron v\u00eda remota al Z\u00f3calo de la Ciudad de M\u00e9xico, donde Claudia Sheinbaum Pardo encabez\u00f3 las actividades de la Clase Nacional de Box, en la que participaci\u00f3n grandes figuras y leyendas del pugilismo.<br><\/p>\n\n\n\n<p>Agradecen a Sheinbaum<br>La gobernadora Delfina G\u00f3mez \u00c1lvarez agradeci\u00f3 a la Presidenta de M\u00e9xico por impulsar estas iniciativas que acercan a la juventud a actividades en favor de su bienestar e incorporan el deporte como parte de su vida diaria.<\/p>\n\n\n\n<p>En tanto, Miguel \u00c1ngel Hern\u00e1ndez Espejel, secretario de Educaci\u00f3n, Ciencia, Tecnolog\u00eda e Innovaci\u00f3n indic\u00f3 que la Clase Nacional de Box impulsada desde el gobierno de M\u00e9xico, como parte de la estrategia nacional Vive Saludable, Vive Feliz, y del eje de Construcci\u00f3n de la Paz, se realiz\u00f3 de forma simult\u00e1nea en plazas p\u00fablicas de todo el pa\u00eds.<\/p>\n\n\n\n<p>Destac\u00f3 que esta actividad, organizada en el marco del D\u00eda Internacional del Deporte para el Desarrollo y la Paz, demuestra que el deporte es mucho m\u00e1s que ejercicio f\u00edsico.<\/p>\n\n\n\n<p>Es un espacio para convivir, para construir comunidad y para sembrar valores. Valores como la disciplina, el respeto, la constancia y la empat\u00eda.<\/p>\n\n\n\n<p>En la Clase Nacional de Box participaron destacados pugilistas como Ana Mar\u00eda La Guerrera Torres, doble campeona mundial peso supermosca del Consejo Mundial de Boxeo (CMB).<br><\/p>\n\n\n\n<p>As\u00ed como Zulina La Loba Mu\u00f1oz, t\u00edtulo de peso supermosca del CMB; Ibeth La Roca Zamora, primera boxeadora mexicana en ganar tres t\u00edtulos mundiales en diferentes divisiones: Paja, minimosca de la AMB y el CMB, y mosca del CMB; y Edwin Canito Cano Hern\u00e1ndez, entre otros.<\/p>\n\n\n\n<p>Tambi\u00e9n acudieron integrantes del Gabinete estatal y de la Mesa de Coordinaci\u00f3n para la Construcci\u00f3n de la Paz; Fernando Flores Fern\u00e1ndez, Presidente Municipal de Metepec; diputados locales y senadores de la Rep\u00fablica; as\u00ed como cientos de j\u00f3venes acompa\u00f1ados por sus familias, maestras y maestros.<br><\/p>\n\n\n\n<p><\/p>\n\n\n\n<p><\/p>\n","protected":false},"excerpt":{"rendered":"<p>7\/ Abril\/2025 El evento estuvo encabezado por la gobernadora Delfina G\u00f3mez \u00c1lvarez. El Estado de&#8230;<\/p>\n","protected":false},"author":3,"featured_media":82564,"comment_status":"closed","ping_status":"closed","sticky":false,"template":"","format":"standard","meta":{"footnotes":""},"categories":[4],"tags":[],"class_list":["post-82563","post","type-post","status-publish","format-standard","has-post-thumbnail","hentry","category-noticias-del-dia"],"_links":{"self":[{"href":"https:\/\/bambapolitica.com.mx\/index.php\/wp-json\/wp\/v2\/posts\/82563","targetHints":{"allow":["GET"]}}],"collection":[{"href":"https:\/\/bambapolitica.com.mx\/index.php\/wp-json\/wp\/v2\/posts"}],"about":[{"href":"https:\/\/bambapolitica.com.mx\/index.php\/wp-json\/wp\/v2\/types\/post"}],"author":[{"embeddable":true,"href":"https:\/\/bambapolitica.com.mx\/index.php\/wp-json\/wp\/v2\/users\/3"}],"replies":[{"embeddable":true,"href":"https:\/\/bambapolitica.com.mx\/index.php\/wp-json\/wp\/v2\/comments?post=82563"}],"version-history":[{"count":1,"href":"https:\/\/bambapolitica.com.mx\/index.php\/wp-json\/wp\/v2\/posts\/82563\/revisions"}],"predecessor-version":[{"id":82565,"href":"https:\/\/bambapolitica.com.mx\/index.php\/wp-json\/wp\/v2\/posts\/82563\/revisions\/82565"}],"wp:featuredmedia":[{"embeddable":true,"href":"https:\/\/bambapolitica.com.mx\/index.php\/wp-json\/wp\/v2\/media\/82564"}],"wp:attachment":[{"href":"https:\/\/bambapolitica.com.mx\/index.php\/wp-json\/wp\/v2\/media?parent=82563"}],"wp:term":[{"taxonomy":"category","embeddable":true,"href":"https:\/\/bambapolitica.com.mx\/index.php\/wp-json\/wp\/v2\/categories?post=82563"},{"taxonomy":"post_tag","embeddable":true,"href":"https:\/\/bambapolitica.com.mx\/index.php\/wp-json\/wp\/v2\/tags?post=82563"}],"curies":[{"name":"wp","href":"https:\/\/api.w.org\/{rel}","templated":true}]}}