{"id":82571,"date":"2025-04-08T09:57:09","date_gmt":"2025-04-08T15:57:09","guid":{"rendered":"https:\/\/bambapolitica.com.mx\/?p=82571"},"modified":"2025-04-08T09:57:14","modified_gmt":"2025-04-08T15:57:14","slug":"encuentran-en-ixtapaluca-maleta-con-un-cuerpo-en-su-interior","status":"publish","type":"post","link":"https:\/\/bambapolitica.com.mx\/index.php\/2025\/04\/08\/encuentran-en-ixtapaluca-maleta-con-un-cuerpo-en-su-interior\/","title":{"rendered":"ENCUENTRAN EN IXTAPALUCA MALETA CON UN CUERPO EN SU INTERIOR"},"content":{"rendered":"\n<p>8\/ Abril\/2025<\/p>\n\n\n\n<p>Personal de la c\u00e9lula de b\u00fasqueda de personas desaparecidas de la polic\u00eda municipal encontr\u00f3 una maleta con un cuerpo en su interior, cuando buscaban a una persona desaparecida.<\/p>\n\n\n\n<p>El hallazgo fue a la orilla del canal de aguas negras ubicado en carretera a San Francisco, esquina Calle Tezontle, de la Colonia Zoquiapan-Tezontle, Municipio de Ixtapaluca<\/p>\n\n\n\n<p>En la maleta hab\u00eda una persona al parecer del sexo masculino de identidad desconocida y estaba envuelto con una cobija.<\/p>\n\n\n\n<p>Personal de la c\u00e9lula de b\u00fasqueda de personas desaparecidas de la polic\u00eda municipal qu\u00e9 se encontraba por el lugar realizando la b\u00fasqueda de una persona desaparecida de nombre Jos\u00e9 Gabriel Ben\u00edtez Escobar, fueron los que encontraron la maleta.<\/p>\n\n\n\n<p>Bajan al canal y al abrirla para verificar el contenido de la misma&nbsp;<em>se percata qu\u00e9 es el cuerpo de una persona del sexo masculino<\/em>&nbsp;por lo que dan parte a las autoridades ministeriales para poder determinar si se trata de la misma persona de b\u00fasqueda o alguna otra m\u00e1s.<\/p>\n\n\n\n<p>Encontr\u00e1ndose en el lugar como Primer Respondiente la patrulla 922 con tres elemento mas de la c\u00e9lula de b\u00fasqueda de la polic\u00eda municipal de Ixtapaluca.<\/p>\n\n\n\n<p><\/p>\n","protected":false},"excerpt":{"rendered":"<p>8\/ Abril\/2025 Personal de la c\u00e9lula de b\u00fasqueda de personas desaparecidas de la polic\u00eda municipal&#8230;<\/p>\n","protected":false},"author":3,"featured_media":82572,"comment_status":"closed","ping_status":"closed","sticky":false,"template":"","format":"standard","meta":{"footnotes":""},"categories":[4],"tags":[],"class_list":["post-82571","post","type-post","status-publish","format-standard","has-post-thumbnail","hentry","category-noticias-del-dia"],"_links":{"self":[{"href":"https:\/\/bambapolitica.com.mx\/index.php\/wp-json\/wp\/v2\/posts\/82571","targetHints":{"allow":["GET"]}}],"collection":[{"href":"https:\/\/bambapolitica.com.mx\/index.php\/wp-json\/wp\/v2\/posts"}],"about":[{"href":"https:\/\/bambapolitica.com.mx\/index.php\/wp-json\/wp\/v2\/types\/post"}],"author":[{"embeddable":true,"href":"https:\/\/bambapolitica.com.mx\/index.php\/wp-json\/wp\/v2\/users\/3"}],"replies":[{"embeddable":true,"href":"https:\/\/bambapolitica.com.mx\/index.php\/wp-json\/wp\/v2\/comments?post=82571"}],"version-history":[{"count":1,"href":"https:\/\/bambapolitica.com.mx\/index.php\/wp-json\/wp\/v2\/posts\/82571\/revisions"}],"predecessor-version":[{"id":82573,"href":"https:\/\/bambapolitica.com.mx\/index.php\/wp-json\/wp\/v2\/posts\/82571\/revisions\/82573"}],"wp:featuredmedia":[{"embeddable":true,"href":"https:\/\/bambapolitica.com.mx\/index.php\/wp-json\/wp\/v2\/media\/82572"}],"wp:attachment":[{"href":"https:\/\/bambapolitica.com.mx\/index.php\/wp-json\/wp\/v2\/media?parent=82571"}],"wp:term":[{"taxonomy":"category","embeddable":true,"href":"https:\/\/bambapolitica.com.mx\/index.php\/wp-json\/wp\/v2\/categories?post=82571"},{"taxonomy":"post_tag","embeddable":true,"href":"https:\/\/bambapolitica.com.mx\/index.php\/wp-json\/wp\/v2\/tags?post=82571"}],"curies":[{"name":"wp","href":"https:\/\/api.w.org\/{rel}","templated":true}]}}