{"id":82577,"date":"2025-04-08T10:21:31","date_gmt":"2025-04-08T16:21:31","guid":{"rendered":"https:\/\/bambapolitica.com.mx\/?p=82577"},"modified":"2025-04-08T10:21:36","modified_gmt":"2025-04-08T16:21:36","slug":"denuncian-a-jose-montes-del-grupo-tenoch-del-municipio-de-chicoloapan-por-acoso-laboral","status":"publish","type":"post","link":"https:\/\/bambapolitica.com.mx\/index.php\/2025\/04\/08\/denuncian-a-jose-montes-del-grupo-tenoch-del-municipio-de-chicoloapan-por-acoso-laboral\/","title":{"rendered":"DENUNCIAN A JOSE MONTES DEL GRUPO TENOCH DEL MUNICIPIO DE CHICOLOAPAN POR ACOS\u00d3\u00a0LABORAL"},"content":{"rendered":"\n<p>8\/ Abril\/2025<\/p>\n\n\n\n<p>&nbsp;NO ME ESCONDO AQUI ESTOY DANDO LA CARA<\/p>\n\n\n\n<p>NO ME QUEDO CALLADA!<br>APARTIR DEL DIA DE HOY HAGO RESPONSABLE A JOSE MONTES<br>Y A SU CIRCULO CERCANO DE GRUPO TENOCH DE CUALQUIER COSA QUE ME LLEGU\u00c9 A PASAR A MI O A CUALQUIER MIEMBRO DE MI FAMILIA YA QUE TEMO POR MI INTEGRIDAD.<\/p>\n\n\n\n<p>AY\u00daDENME A COMPARTIR PARA QUE ESTOS ACTOS NO SIGAN PASANDO Y ABUSEN DEL PODER QUE LES OTORGA.<br>Delfina G\u00f3mez \u00c1lvarez<br>Claudia Sheinbaum Pardo<br>Ni una mas<\/p>\n","protected":false},"excerpt":{"rendered":"<p>8\/ Abril\/2025 &nbsp;NO ME ESCONDO AQUI ESTOY DANDO LA CARA NO ME QUEDO CALLADA!APARTIR DEL&#8230;<\/p>\n","protected":false},"author":3,"featured_media":82578,"comment_status":"closed","ping_status":"closed","sticky":false,"template":"","format":"standard","meta":{"footnotes":""},"categories":[4],"tags":[],"class_list":["post-82577","post","type-post","status-publish","format-standard","has-post-thumbnail","hentry","category-noticias-del-dia"],"_links":{"self":[{"href":"https:\/\/bambapolitica.com.mx\/index.php\/wp-json\/wp\/v2\/posts\/82577","targetHints":{"allow":["GET"]}}],"collection":[{"href":"https:\/\/bambapolitica.com.mx\/index.php\/wp-json\/wp\/v2\/posts"}],"about":[{"href":"https:\/\/bambapolitica.com.mx\/index.php\/wp-json\/wp\/v2\/types\/post"}],"author":[{"embeddable":true,"href":"https:\/\/bambapolitica.com.mx\/index.php\/wp-json\/wp\/v2\/users\/3"}],"replies":[{"embeddable":true,"href":"https:\/\/bambapolitica.com.mx\/index.php\/wp-json\/wp\/v2\/comments?post=82577"}],"version-history":[{"count":1,"href":"https:\/\/bambapolitica.com.mx\/index.php\/wp-json\/wp\/v2\/posts\/82577\/revisions"}],"predecessor-version":[{"id":82579,"href":"https:\/\/bambapolitica.com.mx\/index.php\/wp-json\/wp\/v2\/posts\/82577\/revisions\/82579"}],"wp:featuredmedia":[{"embeddable":true,"href":"https:\/\/bambapolitica.com.mx\/index.php\/wp-json\/wp\/v2\/media\/82578"}],"wp:attachment":[{"href":"https:\/\/bambapolitica.com.mx\/index.php\/wp-json\/wp\/v2\/media?parent=82577"}],"wp:term":[{"taxonomy":"category","embeddable":true,"href":"https:\/\/bambapolitica.com.mx\/index.php\/wp-json\/wp\/v2\/categories?post=82577"},{"taxonomy":"post_tag","embeddable":true,"href":"https:\/\/bambapolitica.com.mx\/index.php\/wp-json\/wp\/v2\/tags?post=82577"}],"curies":[{"name":"wp","href":"https:\/\/api.w.org\/{rel}","templated":true}]}}