{"id":82580,"date":"2025-04-08T10:27:12","date_gmt":"2025-04-08T16:27:12","guid":{"rendered":"https:\/\/bambapolitica.com.mx\/?p=82580"},"modified":"2025-04-08T10:27:16","modified_gmt":"2025-04-08T16:27:16","slug":"berenice-falto-a-su-ultimo-dia-de-diplomado-en-fes-aragon-para-cubrir-el-axe-ceremonia","status":"publish","type":"post","link":"https:\/\/bambapolitica.com.mx\/index.php\/2025\/04\/08\/berenice-falto-a-su-ultimo-dia-de-diplomado-en-fes-aragon-para-cubrir-el-axe-ceremonia\/","title":{"rendered":"Berenice falt\u00f3 a su \u00faltimo d\u00eda de diplomado en FES Arag\u00f3n para cubrir el Axe Ceremonia"},"content":{"rendered":"\n<p>8\/ Abril\/2025<\/p>\n\n\n\n<p>La estudiante del diplomado en Desarrollo, Creatividad e Innovaci\u00f3n de Negocios Tecnol\u00f3gicos y Digitales cubr\u00eda diversos eventos para pagar sus estudios.<\/p>\n\n\n\n<p>Berenice Giles, v\u00edctima del accidente en Axe Ceremonia, hab\u00eda solicitado permiso para no acudir al \u00faltimo fin de semana de diplomado en la Facultad de Estudios Superiores Arag\u00f3n, pues ten\u00eda que cubrir el festival de m\u00fasica en la Ciudad de M\u00e9xico.\u00a0<br><\/p>\n\n\n\n<p>Con su trabajo como fotoperiodista pagaba el diplomado<\/p>\n\n\n\n<p>Compa\u00f1eros de la joven, explicaron que parte de los gastos de su educaci\u00f3n los costeaba con su trabajo como fotoperiodista, por lo que no pod\u00eda faltar a la cobertura.<\/p>\n\n\n\n<p>&#8220;El profesor nos dice que le dijo: &#8216;profe deme chance (de faltar), yo s\u00e9 que es el \u00faltimo d\u00eda de mi diplomado&#8217;, present\u00f3 su proyecto y le dijo que por favor la dejara cubrir esta nota y pues la cubri\u00f3&#8221;, mencion\u00f3 Andrea, alumna de la carrera de Comunicaci\u00f3n y Periodismo de la FES Arag\u00f3n.<br>\u201cEs un diplomado que cuesta 25 mil pesos, no es cualquier cosa, y aunque te lo dan a pagos es algo muy dif\u00edcil de costear y justamente por eso se buscan ese tipo de entrevistas, eventos para tener una carpeta y presentarla y decir aqu\u00ed est\u00e1 mi chamba, chamba que a veces no es pagada\u201d, asegur\u00f3.<br>El Diplomado en Desarrollo, Creatividad e Innovaci\u00f3n de Negocios Tecnol\u00f3gicos y Digitales, es una de las tantas opciones de preparaci\u00f3n que buscaba Berenice para seguir form\u00e1ndose como periodista a fin de que, al concluir la carrera tuviera m\u00e1s oportunidades en el campo laboral.<\/p>\n\n\n\n<p>Incluso en la Facultad de la Universidad Nacional Aut\u00f3noma de M\u00e9xico, fue una de las pioneras en entablar un convenio para cursar un semestre en el extranjero bajo la modalidad de intercambio.<br><\/p>\n\n\n\n<p>Exigen justicia por Berenice y Miguel<br>La escuela rindi\u00f3 un homenaje p\u00f3stumo por las v\u00edctimas del tr\u00e1gico accidente, por el que los alumnos y profesores llevaron veladores, flores blancas y fotos de los fallecidos.&nbsp;Adem\u00e1s, el jefe de carrera, Edgar Lara, afirm\u00f3 que Berenice y Miguel eran personas talentosas y dedicadas.<\/p>\n\n\n\n<p>M\u00e1s tarde, sus compa\u00f1eros de licenciatura exigieron justicia tanto para Berenice como para Miguel \u00c1ngel, indemnizaci\u00f3n para las familias, castigo severo para los responsables y garant\u00edas de no repetici\u00f3n de estos hechos.<\/p>\n\n\n\n<p>\u201cSe siente horrible, somos compa\u00f1eros, somos estudiantes, quien nos protege, ellos estaban trabajando, ni siquiera ten\u00edan seguro, no estaban ni registrados como trabajadores o prestadores de un servicio\u201d, finaliz\u00f3 Andrea.<br><\/p>\n","protected":false},"excerpt":{"rendered":"<p>8\/ Abril\/2025 La estudiante del diplomado en Desarrollo, Creatividad e Innovaci\u00f3n de Negocios Tecnol\u00f3gicos y&#8230;<\/p>\n","protected":false},"author":3,"featured_media":82581,"comment_status":"closed","ping_status":"closed","sticky":false,"template":"","format":"standard","meta":{"footnotes":""},"categories":[4],"tags":[],"class_list":["post-82580","post","type-post","status-publish","format-standard","has-post-thumbnail","hentry","category-noticias-del-dia"],"_links":{"self":[{"href":"https:\/\/bambapolitica.com.mx\/index.php\/wp-json\/wp\/v2\/posts\/82580","targetHints":{"allow":["GET"]}}],"collection":[{"href":"https:\/\/bambapolitica.com.mx\/index.php\/wp-json\/wp\/v2\/posts"}],"about":[{"href":"https:\/\/bambapolitica.com.mx\/index.php\/wp-json\/wp\/v2\/types\/post"}],"author":[{"embeddable":true,"href":"https:\/\/bambapolitica.com.mx\/index.php\/wp-json\/wp\/v2\/users\/3"}],"replies":[{"embeddable":true,"href":"https:\/\/bambapolitica.com.mx\/index.php\/wp-json\/wp\/v2\/comments?post=82580"}],"version-history":[{"count":1,"href":"https:\/\/bambapolitica.com.mx\/index.php\/wp-json\/wp\/v2\/posts\/82580\/revisions"}],"predecessor-version":[{"id":82582,"href":"https:\/\/bambapolitica.com.mx\/index.php\/wp-json\/wp\/v2\/posts\/82580\/revisions\/82582"}],"wp:featuredmedia":[{"embeddable":true,"href":"https:\/\/bambapolitica.com.mx\/index.php\/wp-json\/wp\/v2\/media\/82581"}],"wp:attachment":[{"href":"https:\/\/bambapolitica.com.mx\/index.php\/wp-json\/wp\/v2\/media?parent=82580"}],"wp:term":[{"taxonomy":"category","embeddable":true,"href":"https:\/\/bambapolitica.com.mx\/index.php\/wp-json\/wp\/v2\/categories?post=82580"},{"taxonomy":"post_tag","embeddable":true,"href":"https:\/\/bambapolitica.com.mx\/index.php\/wp-json\/wp\/v2\/tags?post=82580"}],"curies":[{"name":"wp","href":"https:\/\/api.w.org\/{rel}","templated":true}]}}