{"id":82583,"date":"2025-04-08T10:32:52","date_gmt":"2025-04-08T16:32:52","guid":{"rendered":"https:\/\/bambapolitica.com.mx\/?p=82583"},"modified":"2025-04-08T10:32:56","modified_gmt":"2025-04-08T16:32:56","slug":"realizaran-estudio-para-determinar-aumento-al-pasaje-en-edomex","status":"publish","type":"post","link":"https:\/\/bambapolitica.com.mx\/index.php\/2025\/04\/08\/realizaran-estudio-para-determinar-aumento-al-pasaje-en-edomex\/","title":{"rendered":"Realizar\u00e1n estudio para determinar aumento al pasaje en Edomex"},"content":{"rendered":"\n<p>8\/ Abril\/2025<\/p>\n\n\n\n<p>Expertos de la UAEM, UNAM, IPN, Inegi y Banxico participar\u00e1n en el estudio para determinar si procede el aumento a la tarifa que proponen los transportistas.<\/p>\n\n\n\n<p>El aumento a la tarifa en el transporte p\u00fablico que circula en el Estado de M\u00e9xico ser\u00e1 determinado a trav\u00e9s de un estudio y la creaci\u00f3n de un comit\u00e9 en que colaboren diversos organismos, advirti\u00f3, el secretario de Movilidad (Semov), Daniel Sibaja Gonz\u00e1lez<br><\/p>\n\n\n\n<p>\u200bExpertos llevar\u00e1n a cabo estudio<br>En entrevista, refiri\u00f3 que tras la petici\u00f3n de los transportistas de aumentar el pasaje hasta en cuatro pesos bajo el argumento de incremento combustible, en gastos de operaci\u00f3n y competencia irregular se llevar\u00e1 a cabo una mesa de di\u00e1logo con el sector.<\/p>\n\n\n\n<p>\u201cPropusimos una mesa donde se haga un estudio y en funci\u00f3n de eso, veamos c\u00f3mo podemos ayudar a todas y todos. Desde que entr\u00f3 el presidente L\u00f3pez Obrador, no hay un incremento del di\u00e9sel por encima de la inflaci\u00f3n&#8221;, explic\u00f3.<br>En ese sentido, detall\u00f3 que se plante\u00f3 que en la mesa de di\u00e1logo participen expertos de la Universidad Aut\u00f3noma del Estado de M\u00e9xico (UAEMex), de la Universidad Nacional de M\u00e9xico (UNAM) y del Instituto Polit\u00e9cnico Nacional (IPN), as\u00ed como del Instituto Nacional de Estad\u00edstica y Geograf\u00eda (Inegi) y del Banco de M\u00e9xico (Banxico).<\/p>\n\n\n\n<p>\u201cLes propusimos que hagamos los estudios en equipo. S\u00ed que me gustar\u00eda que ellos fueran parte del estudio (\u2026) con expertos en temas jur\u00eddicos, legales, t\u00e9cnicos\u201d, manifest\u00f3.<br>Taxis colectivos<br>Agreg\u00f3, que con el estudio se pretende regular la tarifa de los taxis colectivos que incrementan el pasaje sin ninguna reglamentaci\u00f3n y aprobaci\u00f3n de la dependencia.<\/p>\n\n\n\n<p>\u201cHay compa\u00f1eros que suben la tarifa cuando quieren, hay que regular los taxis colectivos, que responde a una necesidad de la gente, si no hay transporte p\u00fablico digno y nada, pues c\u00f3mo la gente va a llegar a trabajar\u201d, coment\u00f3.<br>Destac\u00f3 que un grupo de transportistas present\u00f3 a la dependencia un estudio para el incremento a la tarifa; sin embargo, ser\u00e1 en este mes cuando se lleve a cabo la mesa de di\u00e1logo.<\/p>\n\n\n\n<p>\u201cDicen que nuestro estudio no es correcto\u201d, indic\u00f3.<br>Finalmente, precis\u00f3 que el gobierno estatal est\u00e1 otorgando subsidios a los transportistas para que puedan regularizarse.<\/p>\n\n\n\n<p>\u201cDaremos tres a\u00f1os m\u00e1s de vida \u00fatil, siempre y cuando el autob\u00fas est\u00e9 en buenas condiciones. Entonces, eso genera m\u00e1s econom\u00eda para los transportes\u201d, finaliz\u00f3.<br><\/p>\n","protected":false},"excerpt":{"rendered":"<p>8\/ Abril\/2025 Expertos de la UAEM, UNAM, IPN, Inegi y Banxico participar\u00e1n en el estudio&#8230;<\/p>\n","protected":false},"author":3,"featured_media":82584,"comment_status":"closed","ping_status":"closed","sticky":false,"template":"","format":"standard","meta":{"footnotes":""},"categories":[4],"tags":[],"class_list":["post-82583","post","type-post","status-publish","format-standard","has-post-thumbnail","hentry","category-noticias-del-dia"],"_links":{"self":[{"href":"https:\/\/bambapolitica.com.mx\/index.php\/wp-json\/wp\/v2\/posts\/82583","targetHints":{"allow":["GET"]}}],"collection":[{"href":"https:\/\/bambapolitica.com.mx\/index.php\/wp-json\/wp\/v2\/posts"}],"about":[{"href":"https:\/\/bambapolitica.com.mx\/index.php\/wp-json\/wp\/v2\/types\/post"}],"author":[{"embeddable":true,"href":"https:\/\/bambapolitica.com.mx\/index.php\/wp-json\/wp\/v2\/users\/3"}],"replies":[{"embeddable":true,"href":"https:\/\/bambapolitica.com.mx\/index.php\/wp-json\/wp\/v2\/comments?post=82583"}],"version-history":[{"count":1,"href":"https:\/\/bambapolitica.com.mx\/index.php\/wp-json\/wp\/v2\/posts\/82583\/revisions"}],"predecessor-version":[{"id":82585,"href":"https:\/\/bambapolitica.com.mx\/index.php\/wp-json\/wp\/v2\/posts\/82583\/revisions\/82585"}],"wp:featuredmedia":[{"embeddable":true,"href":"https:\/\/bambapolitica.com.mx\/index.php\/wp-json\/wp\/v2\/media\/82584"}],"wp:attachment":[{"href":"https:\/\/bambapolitica.com.mx\/index.php\/wp-json\/wp\/v2\/media?parent=82583"}],"wp:term":[{"taxonomy":"category","embeddable":true,"href":"https:\/\/bambapolitica.com.mx\/index.php\/wp-json\/wp\/v2\/categories?post=82583"},{"taxonomy":"post_tag","embeddable":true,"href":"https:\/\/bambapolitica.com.mx\/index.php\/wp-json\/wp\/v2\/tags?post=82583"}],"curies":[{"name":"wp","href":"https:\/\/api.w.org\/{rel}","templated":true}]}}