{"id":82592,"date":"2025-04-09T09:57:10","date_gmt":"2025-04-09T15:57:10","guid":{"rendered":"https:\/\/bambapolitica.com.mx\/?p=82592"},"modified":"2025-04-09T09:57:17","modified_gmt":"2025-04-09T15:57:17","slug":"alcalde-de-valle-de-chalco-dice-que-gasta-mucho-en-publicidad-y-solo-recibe-ataques","status":"publish","type":"post","link":"https:\/\/bambapolitica.com.mx\/index.php\/2025\/04\/09\/alcalde-de-valle-de-chalco-dice-que-gasta-mucho-en-publicidad-y-solo-recibe-ataques\/","title":{"rendered":"Alcalde de Valle de Chalco dice que gasta mucho en publicidad y solo recibe ataques"},"content":{"rendered":"\n<p>9\/ Abril\/2025<\/p>\n\n\n\n<p>Propone que ese dinero se invierta en \u00abalgo que valga la pena<\/p>\n\n\n\n<p>El alcalde Alan Velasco Ag\u00fcero, dijo a su cuerpo edilicio que \u00abeste gobierno municipal no paga voluntades\u00bb y rechaz\u00f3 que est\u00e9n en malas condiciones en el tema de seguridad p\u00fablica, \u00ablos n\u00fameros que tenemos est\u00e1n bajos\u00bb, en consideraci\u00f3n a otros municipios aleda\u00f1os.<\/p>\n\n\n\n<p>El tema fue llevado al cabildo por los constantes ataques en las redes sociales por las quejas de inseguridad y hechos criminales que han ocurrido en la demarcaci\u00f3n que gobierna.<\/p>\n\n\n\n<p>Eso ha detonado p\u00e1ginas amarillistas que empiezan a atacar y agarran parejo\u00bb.<\/p>\n\n\n\n<p>Sin embargo, en la reuni\u00f3n de cabildo no present\u00f3 pruebas de que medios de comunicaci\u00f3n o peri\u00f3dicos publiquen \u00abataques\u00bb.<\/p>\n\n\n\n<p>Dijo, \u00abLa gente est\u00e1 acostumbrada al Facebook, es com\u00fan, pero yo quisiera que estos cabildos, estos en vivo\u2026esto es real\u00bb.<\/p>\n\n\n\n<p>Expres\u00f3 que, en el cabildo se habla la realidad del municipio.<\/p>\n\n\n\n<p>Propuso que, de acuerdo a su punto de vista \u00abes mucho el recurso que se ocupa para publicidad y eso lo podemos invertir en algo que valga la pena\u00bb.<\/p>\n\n\n\n<p>Alan Velasco asegur\u00f3 que, \u00abno estamos en la calle de la amargura, como se nota o lo hacen ver\u00bb.<\/p>\n\n\n\n<p>Estableci\u00f3 que, su gobierno ha tenido buenas acciones contra la inseguridad est\u00e1n a la baja.<\/p>\n","protected":false},"excerpt":{"rendered":"<p>9\/ Abril\/2025 Propone que ese dinero se invierta en \u00abalgo que valga la pena El&#8230;<\/p>\n","protected":false},"author":3,"featured_media":82593,"comment_status":"closed","ping_status":"closed","sticky":false,"template":"","format":"standard","meta":{"footnotes":""},"categories":[4],"tags":[],"class_list":["post-82592","post","type-post","status-publish","format-standard","has-post-thumbnail","hentry","category-noticias-del-dia"],"_links":{"self":[{"href":"https:\/\/bambapolitica.com.mx\/index.php\/wp-json\/wp\/v2\/posts\/82592","targetHints":{"allow":["GET"]}}],"collection":[{"href":"https:\/\/bambapolitica.com.mx\/index.php\/wp-json\/wp\/v2\/posts"}],"about":[{"href":"https:\/\/bambapolitica.com.mx\/index.php\/wp-json\/wp\/v2\/types\/post"}],"author":[{"embeddable":true,"href":"https:\/\/bambapolitica.com.mx\/index.php\/wp-json\/wp\/v2\/users\/3"}],"replies":[{"embeddable":true,"href":"https:\/\/bambapolitica.com.mx\/index.php\/wp-json\/wp\/v2\/comments?post=82592"}],"version-history":[{"count":1,"href":"https:\/\/bambapolitica.com.mx\/index.php\/wp-json\/wp\/v2\/posts\/82592\/revisions"}],"predecessor-version":[{"id":82594,"href":"https:\/\/bambapolitica.com.mx\/index.php\/wp-json\/wp\/v2\/posts\/82592\/revisions\/82594"}],"wp:featuredmedia":[{"embeddable":true,"href":"https:\/\/bambapolitica.com.mx\/index.php\/wp-json\/wp\/v2\/media\/82593"}],"wp:attachment":[{"href":"https:\/\/bambapolitica.com.mx\/index.php\/wp-json\/wp\/v2\/media?parent=82592"}],"wp:term":[{"taxonomy":"category","embeddable":true,"href":"https:\/\/bambapolitica.com.mx\/index.php\/wp-json\/wp\/v2\/categories?post=82592"},{"taxonomy":"post_tag","embeddable":true,"href":"https:\/\/bambapolitica.com.mx\/index.php\/wp-json\/wp\/v2\/tags?post=82592"}],"curies":[{"name":"wp","href":"https:\/\/api.w.org\/{rel}","templated":true}]}}