{"id":82601,"date":"2025-04-09T11:36:27","date_gmt":"2025-04-09T17:36:27","guid":{"rendered":"https:\/\/bambapolitica.com.mx\/?p=82601"},"modified":"2025-04-09T11:36:31","modified_gmt":"2025-04-09T17:36:31","slug":"captan-a-otra-senora-enfrentando-a-presuntos-invasores-de-su-casa-en-chalco","status":"publish","type":"post","link":"https:\/\/bambapolitica.com.mx\/index.php\/2025\/04\/09\/captan-a-otra-senora-enfrentando-a-presuntos-invasores-de-su-casa-en-chalco\/","title":{"rendered":"Captan a otra se\u00f1ora enfrentando a presuntos invasores de su casa, en Chalco"},"content":{"rendered":"\n<p>9\/ Abril\/2025<\/p>\n\n\n\n<p>Adem\u00e1s \u00bfqu\u00e9 dicen las leyes mexiquenses sobre la ocupaci\u00f3n ilegal de vivienda?<\/p>\n\n\n\n<p>Recientemente en redes sociales se filtr\u00f3 el v\u00eddeo de una mujer confrontando a presuntos&nbsp;<strong>invasores de viviendas<\/strong>, en&nbsp;<a href=\"https:\/\/www.elgrafico.mx\/buscador\/?query=chalco\/\">Chalco<\/a>,&nbsp;<strong>Estado de M\u00e9xico<\/strong>, hecho que se ha vuelto viral tras el reciente caso de do\u00f1a Carlota, mujer de la tercera edad, quien a balazos enfrent\u00f3 a los supuestos ocupantes ilegales de su casa, tambi\u00e9n en Chalco, dejando a dos personas sin vida.<\/p>\n\n\n\n<p>En este otro video se aprecian algunas personas fuera de una&nbsp;<a href=\"https:\/\/www.elgrafico.mx\/al-dia\/2025\/04\/02\/programa-viviendas-del-bienestar-requisitos-para-adquirir-un-departamento-nuevo\/\">vivienda<\/a>, mientras se escucha a la persona que est\u00e1 grabando decir \u201c<em>todos los que se metieron van a estar involucrados, todos los que se metieron van a estar involucrados, \u00e9l puso candado<\/em>\u201d menciona la mujer mientras se\u00f1ala a un hombre que se esconde en un peque\u00f1o muro.<\/p>\n\n\n\n<p>El hombre al verse grabado por la mujer, se esconde en el muro que sostiene los medidores de luz; comienza insultar a la aparente due\u00f1a de la vivienda, quien le se\u00f1ala al masculino que fue captado en video mientras se colgaba en la reja de la puerta para colocar un candado, adem\u00e1s la mujer le asegura poseer la llave de la reja.<\/p>\n\n\n\n<p>En el clip de poco m\u00e1s de un minuto, tambi\u00e9n se alcanza a distinguir a una persona asom\u00e1ndose desde una ventana de la vivienda en disputa, mientras otro joven le menciona a la se\u00f1ora que las personas dentro de la casa ya llevan habit\u00e1ndola desde hace mes y medio, hecho negado por la aparente afectada y una de sus acompa\u00f1antes.<\/p>\n\n\n\n<h2 class=\"wp-block-heading\"><strong>\u00bfQu\u00e9 dice la Ley del Edomex ante la ocupaci\u00f3n ilegal de viviendas?<\/strong><\/h2>\n\n\n\n<p>En el&nbsp;<strong>C\u00f3digo Penal del Estado de M\u00e9xico&nbsp;<\/strong>se establece que qui\u00e9n ocupe un inmueble ajeno o lo utilice sin que le pertenezca, podr\u00e1 enfrentar de&nbsp;<strong>uno a cinco a\u00f1os de prisi\u00f3n<\/strong>&nbsp;y de 30 hasta 125 d\u00edas de multa.<\/p>\n\n\n\n<p>Tambi\u00e9n se establecen penas para quienes sean los autores intelectuales de la invasi\u00f3n o instiguen a ocupar una vivienda de manera ilegal con una sanci\u00f3n de&nbsp;<strong>seis a doce a\u00f1os de prisi\u00f3n<\/strong>, adem\u00e1s de 150 a 300 d\u00edas de multa.<\/p>\n\n\n\n<h2 class=\"wp-block-heading\"><strong>\u00bfQu\u00e9 dice la gente en redes sobre la ocupaci\u00f3n ilegal de viviendas?<\/strong><\/h2>\n\n\n\n<p>Ante la invasi\u00f3n de casas, diversas personas han expresado su opini\u00f3n en redes sociales con diversos comentarios como:<\/p>\n\n\n\n<p>\u201c<em>Necesitamos leyes m\u00e1s fuertes contra los invasores de casas y predios, desgraciadamente es uno de los delitos que m\u00e1s afecta la econom\u00eda de los afectados<\/em>\u201d<\/p>\n\n\n\n<p>\u201c<em>As\u00ed andan todas las unidades habitacionales en Chalco e Ixtapaluca y las autoridades no hacen nada @Edomex<\/em>\u201d<\/p>\n\n\n\n<p>Son tan s\u00f3lo algunos de los comentarios en el v\u00eddeo a causa de este tipo de situaciones en Edomex.<\/p>\n\n\n\n<p><\/p>\n","protected":false},"excerpt":{"rendered":"<p>9\/ Abril\/2025 Adem\u00e1s \u00bfqu\u00e9 dicen las leyes mexiquenses sobre la ocupaci\u00f3n ilegal de vivienda? Recientemente&#8230;<\/p>\n","protected":false},"author":3,"featured_media":82602,"comment_status":"closed","ping_status":"closed","sticky":false,"template":"","format":"standard","meta":{"footnotes":""},"categories":[4],"tags":[],"class_list":["post-82601","post","type-post","status-publish","format-standard","has-post-thumbnail","hentry","category-noticias-del-dia"],"_links":{"self":[{"href":"https:\/\/bambapolitica.com.mx\/index.php\/wp-json\/wp\/v2\/posts\/82601","targetHints":{"allow":["GET"]}}],"collection":[{"href":"https:\/\/bambapolitica.com.mx\/index.php\/wp-json\/wp\/v2\/posts"}],"about":[{"href":"https:\/\/bambapolitica.com.mx\/index.php\/wp-json\/wp\/v2\/types\/post"}],"author":[{"embeddable":true,"href":"https:\/\/bambapolitica.com.mx\/index.php\/wp-json\/wp\/v2\/users\/3"}],"replies":[{"embeddable":true,"href":"https:\/\/bambapolitica.com.mx\/index.php\/wp-json\/wp\/v2\/comments?post=82601"}],"version-history":[{"count":1,"href":"https:\/\/bambapolitica.com.mx\/index.php\/wp-json\/wp\/v2\/posts\/82601\/revisions"}],"predecessor-version":[{"id":82603,"href":"https:\/\/bambapolitica.com.mx\/index.php\/wp-json\/wp\/v2\/posts\/82601\/revisions\/82603"}],"wp:featuredmedia":[{"embeddable":true,"href":"https:\/\/bambapolitica.com.mx\/index.php\/wp-json\/wp\/v2\/media\/82602"}],"wp:attachment":[{"href":"https:\/\/bambapolitica.com.mx\/index.php\/wp-json\/wp\/v2\/media?parent=82601"}],"wp:term":[{"taxonomy":"category","embeddable":true,"href":"https:\/\/bambapolitica.com.mx\/index.php\/wp-json\/wp\/v2\/categories?post=82601"},{"taxonomy":"post_tag","embeddable":true,"href":"https:\/\/bambapolitica.com.mx\/index.php\/wp-json\/wp\/v2\/tags?post=82601"}],"curies":[{"name":"wp","href":"https:\/\/api.w.org\/{rel}","templated":true}]}}