{"id":82604,"date":"2025-04-09T13:05:37","date_gmt":"2025-04-09T19:05:37","guid":{"rendered":"https:\/\/bambapolitica.com.mx\/?p=82604"},"modified":"2025-04-09T13:05:43","modified_gmt":"2025-04-09T19:05:43","slug":"en-neza-policias-municipales-entran-en-terror-se-les-sale-a-la-calle-una-detenida","status":"publish","type":"post","link":"https:\/\/bambapolitica.com.mx\/index.php\/2025\/04\/09\/en-neza-policias-municipales-entran-en-terror-se-les-sale-a-la-calle-una-detenida\/","title":{"rendered":"EN NEZA, POLIC\u00cdAS MUNICIPALES \u00abENTRAN EN TERROR\u00bb; SE LES SALE A LA CALLE UNA DETENIDA"},"content":{"rendered":"\n<p>9\/ Abril\/2025<\/p>\n\n\n\n<p>A la dama, que al parecer padece de un problema de trastorno mental, la tuvieron que asegurar con unas \u00abesposas\u00bb colocadas en las mu\u00f1ecas de su mano, para que no se les volviera a escapar del interior de la Fiscal\u00eda General de Justicia del Estado de M\u00e9xico Regional Nezahualc\u00f3yotl,<\/p>\n\n\n\n<p>Apenas eran las 19:25 horas de ayer cuando una persona ajena a los polic\u00edas municipales y a los funcionarios de la Fiscal\u00eda General de Justicia del Estado de M\u00e9xico FGJEM Regional Nezahualc\u00f3yotl, les grit\u00f3 \u00abYa se les fue la detenida\u00bb<\/p>\n\n\n\n<p>Todos, cerca de seis elementos de Seguridad P\u00fablica Municipal de Neza, voltearon hacia todos lados, y tres de ellos, y entre los uniformados una femenina, salieron en estampida buscando a la presunta culpable de un acto ilegal.<\/p>\n\n\n\n<p>El color les volvi\u00f3 al visualizar a la dama que regresaba, dirigida por los molestos oficiales, al edificio de la FGJEM Regional Neza.<\/p>\n\n\n\n<p>Ella, les advirti\u00f3 a los uniformados que solo Sali por un refresco<\/p>\n\n\n\n<p><\/p>\n","protected":false},"excerpt":{"rendered":"<p>9\/ Abril\/2025 A la dama, que al parecer padece de un problema de trastorno mental,&#8230;<\/p>\n","protected":false},"author":3,"featured_media":82605,"comment_status":"closed","ping_status":"closed","sticky":false,"template":"","format":"standard","meta":{"footnotes":""},"categories":[4],"tags":[],"class_list":["post-82604","post","type-post","status-publish","format-standard","has-post-thumbnail","hentry","category-noticias-del-dia"],"_links":{"self":[{"href":"https:\/\/bambapolitica.com.mx\/index.php\/wp-json\/wp\/v2\/posts\/82604","targetHints":{"allow":["GET"]}}],"collection":[{"href":"https:\/\/bambapolitica.com.mx\/index.php\/wp-json\/wp\/v2\/posts"}],"about":[{"href":"https:\/\/bambapolitica.com.mx\/index.php\/wp-json\/wp\/v2\/types\/post"}],"author":[{"embeddable":true,"href":"https:\/\/bambapolitica.com.mx\/index.php\/wp-json\/wp\/v2\/users\/3"}],"replies":[{"embeddable":true,"href":"https:\/\/bambapolitica.com.mx\/index.php\/wp-json\/wp\/v2\/comments?post=82604"}],"version-history":[{"count":1,"href":"https:\/\/bambapolitica.com.mx\/index.php\/wp-json\/wp\/v2\/posts\/82604\/revisions"}],"predecessor-version":[{"id":82606,"href":"https:\/\/bambapolitica.com.mx\/index.php\/wp-json\/wp\/v2\/posts\/82604\/revisions\/82606"}],"wp:featuredmedia":[{"embeddable":true,"href":"https:\/\/bambapolitica.com.mx\/index.php\/wp-json\/wp\/v2\/media\/82605"}],"wp:attachment":[{"href":"https:\/\/bambapolitica.com.mx\/index.php\/wp-json\/wp\/v2\/media?parent=82604"}],"wp:term":[{"taxonomy":"category","embeddable":true,"href":"https:\/\/bambapolitica.com.mx\/index.php\/wp-json\/wp\/v2\/categories?post=82604"},{"taxonomy":"post_tag","embeddable":true,"href":"https:\/\/bambapolitica.com.mx\/index.php\/wp-json\/wp\/v2\/tags?post=82604"}],"curies":[{"name":"wp","href":"https:\/\/api.w.org\/{rel}","templated":true}]}}