{"id":82612,"date":"2025-04-10T09:46:15","date_gmt":"2025-04-10T15:46:15","guid":{"rendered":"https:\/\/bambapolitica.com.mx\/?p=82612"},"modified":"2025-04-10T09:46:20","modified_gmt":"2025-04-10T15:46:20","slug":"en-el-penal-de-huitziltzingo-chalco-se-lleva-la-audiencia-de-carlota-mientras-afuera-vecinos-exigen-su-libertad","status":"publish","type":"post","link":"https:\/\/bambapolitica.com.mx\/index.php\/2025\/04\/10\/en-el-penal-de-huitziltzingo-chalco-se-lleva-la-audiencia-de-carlota-mientras-afuera-vecinos-exigen-su-libertad\/","title":{"rendered":"EN EL PENAL DE HUITZILTZINGO CHALCO SE LLEVA LA AUDIENCIA DE CARLOTA, MIENTRAS AFUERA VECINOS EXIGEN SU LIBERTAD"},"content":{"rendered":"\n<p>10\/Abril\/2025<\/p>\n\n\n\n<p>Mientras en los juzgados de control de Huitziltzingo Chalco se lleva a cabo la audiencia de vinculaci\u00f3n a proceso para la Se\u00f1ora Carlota del delito de homicidio de dos personas y de sus hijos, Mariana y Eduardo por intento de homicidio en la parte de afuera un grupo un grupo de personas se manifiesta pidiendo justicia.<\/p>\n\n\n\n<p>Con la leyenda \u201ctodos somos Carlota\u201d, los vecinos de la zona piden que se deje en libertad a la mujer de 74 a\u00f1os, que se vio obligada a ejercer la justicia por su cuenta, luego de que fuera despojada de su casa, y confrontara a los habitantes de su vivienda disparando un arma de fuego, que dej\u00f3 el saldo de dos personas sin vida y una lesionada.<\/p>\n\n\n\n<p>Hasta estos juzgados lleg\u00f3 el hijo de Carlota, Arturo Santana Alfaro, quien dijo que nunca hab\u00edan tenido un problema de esa naturaleza, se\u00f1alando que conf\u00eda en la justicia y la ley, porque la acci\u00f3n que hoy tienen a su mam\u00e1 en la c\u00e1rcel.<\/p>\n\n\n\n<p>\u201cMi mam\u00e1 es una adulta mayor, que esta en la c\u00e1rcel por estar defendiendo un derecho y hoy los responsables est\u00e1n libertad\u201d, dijo Arturo Santana.<\/p>\n\n\n\n<p>Previo a la audiencia la juez que est\u00e1 llevando el juicio recibi\u00f3 un escrito con el dictamen psiqui\u00e1trico que certifica que Mariana la hija de Carlota es imputable, ya que se hab\u00eda dicho que estaba mal de sus facultades.<\/p>\n\n\n\n<p>Se espera que de un momento a otro se de a conocer la situaci\u00f3n jur\u00eddica de Carlota, Marian y Eduardo, mientras su hijo Arturo junto con un grupo de vecinos mantienen la manifestaci\u00f3n pidiendo justicia para la septuagenaria y que se le deje en libertad.<\/p>\n\n\n\n<p><\/p>\n","protected":false},"excerpt":{"rendered":"<p>10\/Abril\/2025 Mientras en los juzgados de control de Huitziltzingo Chalco se lleva a cabo la&#8230;<\/p>\n","protected":false},"author":3,"featured_media":82613,"comment_status":"closed","ping_status":"closed","sticky":false,"template":"","format":"standard","meta":{"footnotes":""},"categories":[4],"tags":[],"class_list":["post-82612","post","type-post","status-publish","format-standard","has-post-thumbnail","hentry","category-noticias-del-dia"],"_links":{"self":[{"href":"https:\/\/bambapolitica.com.mx\/index.php\/wp-json\/wp\/v2\/posts\/82612","targetHints":{"allow":["GET"]}}],"collection":[{"href":"https:\/\/bambapolitica.com.mx\/index.php\/wp-json\/wp\/v2\/posts"}],"about":[{"href":"https:\/\/bambapolitica.com.mx\/index.php\/wp-json\/wp\/v2\/types\/post"}],"author":[{"embeddable":true,"href":"https:\/\/bambapolitica.com.mx\/index.php\/wp-json\/wp\/v2\/users\/3"}],"replies":[{"embeddable":true,"href":"https:\/\/bambapolitica.com.mx\/index.php\/wp-json\/wp\/v2\/comments?post=82612"}],"version-history":[{"count":1,"href":"https:\/\/bambapolitica.com.mx\/index.php\/wp-json\/wp\/v2\/posts\/82612\/revisions"}],"predecessor-version":[{"id":82614,"href":"https:\/\/bambapolitica.com.mx\/index.php\/wp-json\/wp\/v2\/posts\/82612\/revisions\/82614"}],"wp:featuredmedia":[{"embeddable":true,"href":"https:\/\/bambapolitica.com.mx\/index.php\/wp-json\/wp\/v2\/media\/82613"}],"wp:attachment":[{"href":"https:\/\/bambapolitica.com.mx\/index.php\/wp-json\/wp\/v2\/media?parent=82612"}],"wp:term":[{"taxonomy":"category","embeddable":true,"href":"https:\/\/bambapolitica.com.mx\/index.php\/wp-json\/wp\/v2\/categories?post=82612"},{"taxonomy":"post_tag","embeddable":true,"href":"https:\/\/bambapolitica.com.mx\/index.php\/wp-json\/wp\/v2\/tags?post=82612"}],"curies":[{"name":"wp","href":"https:\/\/api.w.org\/{rel}","templated":true}]}}