{"id":82621,"date":"2025-04-10T10:46:40","date_gmt":"2025-04-10T16:46:40","guid":{"rendered":"https:\/\/bambapolitica.com.mx\/?p=82621"},"modified":"2025-04-10T10:46:54","modified_gmt":"2025-04-10T16:46:54","slug":"carlota-n-continuara-en-prision-de-edomex-jueza-decidira-sobre-medida-cautelar-en-proxima-audiencia","status":"publish","type":"post","link":"https:\/\/bambapolitica.com.mx\/index.php\/2025\/04\/10\/carlota-n-continuara-en-prision-de-edomex-jueza-decidira-sobre-medida-cautelar-en-proxima-audiencia\/","title":{"rendered":"Carlota &#8216;N&#8217; continuar\u00e1 en prisi\u00f3n de Edomex; jueza decidir\u00e1 sobre medida cautelar en pr\u00f3xima audiencia"},"content":{"rendered":"\n<p>10\/Abril\/2025<\/p>\n\n\n\n<p>Este jueves se realizar\u00e1 la audiencia de pr\u00f3rroga constitucional para determinar si la detenida es vinculada a proceso o no.<\/p>\n\n\n\n<p>Este jueves, una jueza del Poder Judicial del Estado de M\u00e9xico, definir\u00e1 la situaci\u00f3n jur\u00eddica de Carlota &#8220;N&#8221; y sus hijos Eduardo &#8220;N y Mariana &#8220;N&#8221;, quienes son investigados por el delito de homicidio calificado en contra de dos hombres y en grado de tentativa, con la agravante de haberse cometido en contra de un menor de edad.\u00a0<br><\/p>\n\n\n\n<p>Durante esta audiencia, se retomar\u00e1n las pruebas presentadas en mi\u00e9rcoles, y determinar\u00e1n si hay los elementos suficientes para vincular a procesos a&nbsp;los detenidos. Sin embargo, este jueves Carlota no saldr\u00e1 de prisi\u00f3n.<\/p>\n\n\n\n<p>\u00bfCarlota &#8220;N&#8221; no podr\u00e1 pedir arraigo domiciliario?<br>Desde el momento en que detuvieron a la adulta mayor y a sus dos hijos, la defensa inform\u00f3 que iban a solicitar que las mujeres llevaran su proceso en libertad.<\/p>\n\n\n\n<p>Para lograrlo, los abogados recurrir\u00e1n a un amparo que se basa en el art\u00edculo 166 del C\u00f3digo Nacional de Procedimientos Penales, el cual el arraigo domiciliario para personas mayores de 70 a\u00f1os o con enfermedades cr\u00f3nico-degenerativas, caracter\u00edstica que cumple Carlota &#8220;N&#8221;.<\/p>\n\n\n\n<p>Aunque en la audiencia de ayer, informaron que posiblemente tambi\u00e9n se podr\u00eda pedir ese d\u00eda el cambio de la medida cautelar, la defensa legal declar\u00f3 que esperar\u00e1n unos d\u00edas m\u00e1s.<\/p>\n\n\n\n<p>\u00bfPor qu\u00e9 no pueden cambiar a\u00fan la medida?<br>Javier Bautista, abogado de Carlota, explic\u00f3 que en d\u00edas posteriores solicitar\u00e1 al juez una nueva audiencia para discutir en lo particular, el cambio de medida cautelar, para que su representada pueda llevar su proceso en arraigo domiciliario<\/p>\n\n\n\n<p>Esto debido a que a\u00fan faltan elementos y peritajes por recabar para comprobar el arraigo domiciliario de Carlota.<\/p>\n\n\n\n<p>\u201cYo creo que se va a solicitar una audiencia en particular para eso por qu\u00e9 se tienen que cumplir determinados requisitos, se tienen que determinar periciales para efecto de determinar qu\u00e9 se cuentan con las condiciones para que haya un arresto domiciliario\u201d, puntualiz\u00f3 el abogado.<br><\/p>\n\n\n\n<p>Por lo que este d\u00eda \u00fanicamente se resolver\u00e1 la juzgadora, dicta auto de vinculaci\u00f3n a proceso o auto de no vinculaci\u00f3n a proceso en contra de los tres imputados<br><\/p>\n","protected":false},"excerpt":{"rendered":"<p>10\/Abril\/2025 Este jueves se realizar\u00e1 la audiencia de pr\u00f3rroga constitucional para determinar si la detenida&#8230;<\/p>\n","protected":false},"author":3,"featured_media":82622,"comment_status":"closed","ping_status":"closed","sticky":false,"template":"","format":"standard","meta":{"footnotes":""},"categories":[4],"tags":[],"class_list":["post-82621","post","type-post","status-publish","format-standard","has-post-thumbnail","hentry","category-noticias-del-dia"],"_links":{"self":[{"href":"https:\/\/bambapolitica.com.mx\/index.php\/wp-json\/wp\/v2\/posts\/82621","targetHints":{"allow":["GET"]}}],"collection":[{"href":"https:\/\/bambapolitica.com.mx\/index.php\/wp-json\/wp\/v2\/posts"}],"about":[{"href":"https:\/\/bambapolitica.com.mx\/index.php\/wp-json\/wp\/v2\/types\/post"}],"author":[{"embeddable":true,"href":"https:\/\/bambapolitica.com.mx\/index.php\/wp-json\/wp\/v2\/users\/3"}],"replies":[{"embeddable":true,"href":"https:\/\/bambapolitica.com.mx\/index.php\/wp-json\/wp\/v2\/comments?post=82621"}],"version-history":[{"count":1,"href":"https:\/\/bambapolitica.com.mx\/index.php\/wp-json\/wp\/v2\/posts\/82621\/revisions"}],"predecessor-version":[{"id":82623,"href":"https:\/\/bambapolitica.com.mx\/index.php\/wp-json\/wp\/v2\/posts\/82621\/revisions\/82623"}],"wp:featuredmedia":[{"embeddable":true,"href":"https:\/\/bambapolitica.com.mx\/index.php\/wp-json\/wp\/v2\/media\/82622"}],"wp:attachment":[{"href":"https:\/\/bambapolitica.com.mx\/index.php\/wp-json\/wp\/v2\/media?parent=82621"}],"wp:term":[{"taxonomy":"category","embeddable":true,"href":"https:\/\/bambapolitica.com.mx\/index.php\/wp-json\/wp\/v2\/categories?post=82621"},{"taxonomy":"post_tag","embeddable":true,"href":"https:\/\/bambapolitica.com.mx\/index.php\/wp-json\/wp\/v2\/tags?post=82621"}],"curies":[{"name":"wp","href":"https:\/\/api.w.org\/{rel}","templated":true}]}}