{"id":82627,"date":"2025-04-10T10:58:44","date_gmt":"2025-04-10T16:58:44","guid":{"rendered":"https:\/\/bambapolitica.com.mx\/?p=82627"},"modified":"2025-04-10T10:58:48","modified_gmt":"2025-04-10T16:58:48","slug":"terror-al-sur-de-veracruz-hallan-mas-restos-humanos-por-segundo-dia-consecutivo","status":"publish","type":"post","link":"https:\/\/bambapolitica.com.mx\/index.php\/2025\/04\/10\/terror-al-sur-de-veracruz-hallan-mas-restos-humanos-por-segundo-dia-consecutivo\/","title":{"rendered":"Terror al sur de Veracruz: hallan m\u00e1s restos humanos por segundo d\u00eda consecutivo"},"content":{"rendered":"\n<p>10\/Abril\/2025<\/p>\n\n\n\n<p>Al hallazgo de una cabeza humana con un mensaje criminal sigui\u00f3 el abandono de m\u00e1s restos humanos al sur de Veracruz, todo esto en menos de 12 horas y bajo el mismo modus operandi.<\/p>\n\n\n\n<p>Por segunda ocasi\u00f3n y en menos de 12 horas fueron localizados&nbsp;<strong>restos humanos&nbsp;<\/strong>dentro de una hielera en el&nbsp;<strong>sur de&nbsp;<\/strong><strong>Veracruz<\/strong>; ahora fue sobre la carretera que comunica a Minatitl\u00e1n, a la altura de la congregaci\u00f3n de Mapapachapa, hecho que gener\u00f3 el cierre parcial de la carretera y una fuerte movilizaci\u00f3n policiaca.<\/p>\n\n\n\n<p>Durante las primeras horas de este mi\u00e9rcoles autoridades fueron alertadas por la presencia de los restos humanos a un costado de la v\u00eda de comunicaci\u00f3n, donde adem\u00e1s se indicaba que dejaron una&nbsp;<strong>cartulina con mensajes de violencia<\/strong>.<\/p>\n\n\n\n<p>Al trasladarse al lugar, los elementos de seguridad p\u00fablica confirmaron que se trataba de algunas&nbsp;<strong>partes de un cuerpo humano<\/strong>&nbsp;dentro de una nevera de unicel, por lo que procedieron a acordonar la escena y dieron aviso a las autoridades ministeriales.<\/p>\n\n\n\n<p>Durante m\u00e1s de dos horas se realizaron las diligencias en medio de un fuerte operativo de seguridad,&nbsp;<strong>sin que se conozca qui\u00e9nes fueron los responsables de este hecho<\/strong>.<\/p>\n\n\n\n<p>Los restos humanos fueron llevados al Servicio M\u00e9dico Forense (Semefo) en calidad de desconocido, pero todo apunta a que podr\u00eda tratarse del cuerpo, cuya cabeza fue abandonada tambi\u00e9n dentro de una nevera, en la entrada al fraccionamiento Villas Campestre de Coatzacoalcos la tarde del pasado martes, es decir, horas antes.<\/p>\n\n\n\n<p>Cabe decr que en los \u00faltimos d\u00edas la violencia se ha incrementado en el sur del estado y las autoridades se han mantenido herm\u00e9ticas sin dar informes, pero tampoco detenciones de los responsables.<\/p>\n\n\n\n<p><strong>Una cabeza humana y mensajes de advertencia, lo hallado en Coatzacoalcos<\/strong><\/p>\n\n\n\n<p>Una&nbsp;<strong>cabeza humana dentro de una hielera<\/strong>&nbsp;fue abandonada en la entrada del fraccionamiento Villas Campestre, en el Puerto de Coatzacoalcos durante la tarde del pasado martes 8 de abril.<\/p>\n\n\n\n<p>El hallazgo gener\u00f3 una intensa movilizaci\u00f3n policiaca de parte de agentes de los tres niveles de gobierno, sin que se reporte la detenci\u00f3n de los responsables.<\/p>\n\n\n\n<p>El fraccionamiento se ubica dentro de la&nbsp;<strong>colonia Iquiza<\/strong>, al fondo de la avenida Belisario Dom\u00ednguez, lugar hasta donde llegaron al menos dos sujetos a bordo de un taxi, cuyo n\u00famero y procedencia se desconocen; la unidad se detuvo en la entrada principal.<\/p>\n\n\n\n<p>Tras descender, dejaron una hielera de unicel que fue abierta por el vigilante de la zona residencial, quien se percat\u00f3&nbsp;<strong>al interior se encontraba una cabeza de un hombre de identidad reservada<\/strong>. De inmediato dio aviso a las autoridades.<\/p>\n\n\n\n<p>Minutos despu\u00e9s la zona fue acordonada por elementos de la Polic\u00eda Estatal, Ejercito Mexicano, Marina, quienes cerraron por completo el acceso a dicho fraccionamiento, ante el asombro de los vecinos de la colonia.<\/p>\n\n\n\n<p>Personal de la Polic\u00eda Ministerial y de Servicios Periciales se hicieron cargo de las diligencias y realizaron el levantamiento de los restos humanos, donde se confirm\u00f3 que junto a la nevera se encontraba una&nbsp;<strong>cartulina color rojo<\/strong>&nbsp;<strong>con mensajes de violencia<\/strong>, misma que fue retirada en medio de un fuerte operativo de seguridad.<\/p>\n\n\n\n<p>Solo se confirm\u00f3 que la cabeza pertenec\u00eda a un hombre, cuya identidad es desconocida. El resto del cuerpo se desconoce d\u00f3nde fue dejado.<\/p>\n\n\n\n<p>Personal de la Fiscal\u00eda General del Estado (FGE) abri\u00f3 una carpeta de investigaci\u00f3n para identificar a esta persona y tratar de dar con los responsables de este hecho, que gener\u00f3 temor entre la poblaci\u00f3n que habita en este fraccionamiento.<\/p>\n\n\n\n<p>Apenas el pasado domingo 6 de abril fue localizado el&nbsp;<strong>cad\u00e1ver de un hombre&nbsp;<\/strong><strong>envuelto en s\u00e1banas<\/strong>, sobre una banqueta de la avenida Miguel \u00c1ngel de Quevedo casi esquina con Hermenegildo Galeana de la colonia Mar\u00eda de la Piedad en esta misma ciudad. El cuerpo presentaba un impacto de arma de fuego en la cabeza, atr\u00e1s de la oreja con salida en la mejilla.<\/p>\n","protected":false},"excerpt":{"rendered":"<p>10\/Abril\/2025 Al hallazgo de una cabeza humana con un mensaje criminal sigui\u00f3 el abandono de&#8230;<\/p>\n","protected":false},"author":3,"featured_media":82628,"comment_status":"closed","ping_status":"closed","sticky":false,"template":"","format":"standard","meta":{"footnotes":""},"categories":[4],"tags":[],"class_list":["post-82627","post","type-post","status-publish","format-standard","has-post-thumbnail","hentry","category-noticias-del-dia"],"_links":{"self":[{"href":"https:\/\/bambapolitica.com.mx\/index.php\/wp-json\/wp\/v2\/posts\/82627","targetHints":{"allow":["GET"]}}],"collection":[{"href":"https:\/\/bambapolitica.com.mx\/index.php\/wp-json\/wp\/v2\/posts"}],"about":[{"href":"https:\/\/bambapolitica.com.mx\/index.php\/wp-json\/wp\/v2\/types\/post"}],"author":[{"embeddable":true,"href":"https:\/\/bambapolitica.com.mx\/index.php\/wp-json\/wp\/v2\/users\/3"}],"replies":[{"embeddable":true,"href":"https:\/\/bambapolitica.com.mx\/index.php\/wp-json\/wp\/v2\/comments?post=82627"}],"version-history":[{"count":1,"href":"https:\/\/bambapolitica.com.mx\/index.php\/wp-json\/wp\/v2\/posts\/82627\/revisions"}],"predecessor-version":[{"id":82629,"href":"https:\/\/bambapolitica.com.mx\/index.php\/wp-json\/wp\/v2\/posts\/82627\/revisions\/82629"}],"wp:featuredmedia":[{"embeddable":true,"href":"https:\/\/bambapolitica.com.mx\/index.php\/wp-json\/wp\/v2\/media\/82628"}],"wp:attachment":[{"href":"https:\/\/bambapolitica.com.mx\/index.php\/wp-json\/wp\/v2\/media?parent=82627"}],"wp:term":[{"taxonomy":"category","embeddable":true,"href":"https:\/\/bambapolitica.com.mx\/index.php\/wp-json\/wp\/v2\/categories?post=82627"},{"taxonomy":"post_tag","embeddable":true,"href":"https:\/\/bambapolitica.com.mx\/index.php\/wp-json\/wp\/v2\/tags?post=82627"}],"curies":[{"name":"wp","href":"https:\/\/api.w.org\/{rel}","templated":true}]}}