{"id":82642,"date":"2025-04-11T09:45:47","date_gmt":"2025-04-11T15:45:47","guid":{"rendered":"https:\/\/bambapolitica.com.mx\/?p=82642"},"modified":"2025-04-11T09:45:52","modified_gmt":"2025-04-11T15:45:52","slug":"la-abuelita-carlota-y-sus-dos-hijos-llevaran-juicio-en-prision-no-fue-defensa-propia","status":"publish","type":"post","link":"https:\/\/bambapolitica.com.mx\/index.php\/2025\/04\/11\/la-abuelita-carlota-y-sus-dos-hijos-llevaran-juicio-en-prision-no-fue-defensa-propia\/","title":{"rendered":"La abuelita Carlota y sus dos hijos llevar\u00e1n juicio en prisi\u00f3n, \u00bfno fue defensa propia?"},"content":{"rendered":"\n<p>11\/Abril\/2025<\/p>\n\n\n\n<p>Los vincularon a proceso por homicidio calificado en grado de tentativa<\/p>\n\n\n\n<p>Fueron&nbsp;<strong>vinculados a proceso<\/strong>&nbsp;Carlota \u201cN\u201d, Mariana \u201cN\u201d y Eduardo \u201cN\u201d por el delito de homicidio calificado en contra de dos supuestos invasores de su vivienda en el&nbsp;<a href=\"https:\/\/www.elgrafico.mx\/\">fraccionamiento ExHacienda de Guadalupe<\/a>, ubicada en Tlapala, en este municipio, el 1 de abril pasado.<\/p>\n\n\n\n<p>Adem\u00e1s, la jueza vincul\u00f3 a proceso a Mariana \u201cN\u201d y Eduardo \u201cN\u201d por&nbsp;<strong>homicidio calificado en grado de tentativa<\/strong>, en agravio de un menor de 14 a\u00f1os, quien result\u00f3 herido por impactos de bala el&nbsp;<a href=\"https:\/\/www.elgrafico.mx\/la-roja\/\">d\u00eda de los hechos.<\/a><\/p>\n\n\n\n<p>La impartidora de justicia fij\u00f3 un plazo de un mes para el cierre de la investigaci\u00f3n complementaria, en el que la&nbsp;<a href=\"https:\/\/www.eluniversal.com.mx\/\">Fiscal\u00eda mexiquense<\/a>&nbsp;y la defensa de los imputados podr\u00e1n presentar m\u00e1s pruebas. Tambi\u00e9n mantuvo la medida cautelar de prisi\u00f3n preventiva para los tres, mientras se lleva a cabo el&nbsp;<strong>proceso legal.<\/strong><\/p>\n\n\n\n<p>os abogados hab\u00edan anunciado que solicitar\u00edan el cambio de medida cautelar para la mujer de 73 a\u00f1os y que pudiera estar en&nbsp;<strong>arraigo domiciliario<\/strong>, pero la jueza explic\u00f3 que al participar en el acto que se le imputa, en el que utiliz\u00f3 un arma para disparar, no se puede considerar que es una<strong>&nbsp;persona vulnerable<\/strong>.<\/p>\n\n\n\n<p>La jueza consider\u00f3 que Carlota \u201cN\u201d, Mariana \u201cN\u201d y Eduardo \u201cN\u201d actuaron con ventaja, porque se presentaron armados al lugar donde ocurri\u00f3 el ataque, pues no debieron&nbsp;<strong>hacer justicia por su propia mano<\/strong>.<\/p>\n\n\n\n<h2 class=\"wp-block-heading\">\u00bfCu\u00e1l es el \u00edndice de inseguridad en Chalco?<\/h2>\n\n\n\n<p>En lo que va de&nbsp;<strong>2025<\/strong>, el municipio de&nbsp;<strong>Chalco<\/strong>,&nbsp;<strong>Estado de M\u00e9xico<\/strong>, se ha posicionado como uno de los m\u00e1s afectados por la&nbsp;<strong>violencia<\/strong>&nbsp;en la entidad. Los&nbsp;<strong>homicidios<\/strong>&nbsp;han superado las 60 v\u00edctimas, entre ellos al menos cinco&nbsp;<strong>feminicidios<\/strong>, mientras que los reportes por&nbsp;<strong>narcomenudeo<\/strong>&nbsp;se han disparado m\u00e1s del 270%. Adem\u00e1s, el&nbsp;<strong>robo de veh\u00edculos<\/strong>&nbsp;increment\u00f3 un 39%, generando una fuerte&nbsp;<strong>percepci\u00f3n de inseguridad<\/strong>&nbsp;entre los habitantes.<\/p>\n\n\n\n<p><strong>Chalco<\/strong>&nbsp;sigue bajo&nbsp;<strong>Alerta de Violencia de G\u00e9nero<\/strong>&nbsp;y con zonas catalogadas como de&nbsp;<strong>alto riesgo para las mujeres<\/strong>. A pesar de que el&nbsp;<strong>gobierno local<\/strong>&nbsp;anunci\u00f3 un&nbsp;<strong>plan estrat\u00e9gico de seguridad<\/strong>&nbsp;con nueva comisar\u00eda y mayor inversi\u00f3n, la ciudadan\u00eda contin\u00faa exigiendo&nbsp;<strong>acciones inmediatas<\/strong>&nbsp;y efectivas.<\/p>\n\n\n\n<p><\/p>\n","protected":false},"excerpt":{"rendered":"<p>11\/Abril\/2025 Los vincularon a proceso por homicidio calificado en grado de tentativa Fueron&nbsp;vinculados a proceso&nbsp;Carlota&#8230;<\/p>\n","protected":false},"author":3,"featured_media":82646,"comment_status":"closed","ping_status":"closed","sticky":false,"template":"","format":"standard","meta":{"footnotes":""},"categories":[4],"tags":[],"class_list":["post-82642","post","type-post","status-publish","format-standard","has-post-thumbnail","hentry","category-noticias-del-dia"],"_links":{"self":[{"href":"https:\/\/bambapolitica.com.mx\/index.php\/wp-json\/wp\/v2\/posts\/82642","targetHints":{"allow":["GET"]}}],"collection":[{"href":"https:\/\/bambapolitica.com.mx\/index.php\/wp-json\/wp\/v2\/posts"}],"about":[{"href":"https:\/\/bambapolitica.com.mx\/index.php\/wp-json\/wp\/v2\/types\/post"}],"author":[{"embeddable":true,"href":"https:\/\/bambapolitica.com.mx\/index.php\/wp-json\/wp\/v2\/users\/3"}],"replies":[{"embeddable":true,"href":"https:\/\/bambapolitica.com.mx\/index.php\/wp-json\/wp\/v2\/comments?post=82642"}],"version-history":[{"count":1,"href":"https:\/\/bambapolitica.com.mx\/index.php\/wp-json\/wp\/v2\/posts\/82642\/revisions"}],"predecessor-version":[{"id":82647,"href":"https:\/\/bambapolitica.com.mx\/index.php\/wp-json\/wp\/v2\/posts\/82642\/revisions\/82647"}],"wp:featuredmedia":[{"embeddable":true,"href":"https:\/\/bambapolitica.com.mx\/index.php\/wp-json\/wp\/v2\/media\/82646"}],"wp:attachment":[{"href":"https:\/\/bambapolitica.com.mx\/index.php\/wp-json\/wp\/v2\/media?parent=82642"}],"wp:term":[{"taxonomy":"category","embeddable":true,"href":"https:\/\/bambapolitica.com.mx\/index.php\/wp-json\/wp\/v2\/categories?post=82642"},{"taxonomy":"post_tag","embeddable":true,"href":"https:\/\/bambapolitica.com.mx\/index.php\/wp-json\/wp\/v2\/tags?post=82642"}],"curies":[{"name":"wp","href":"https:\/\/api.w.org\/{rel}","templated":true}]}}