{"id":82648,"date":"2025-04-11T09:48:29","date_gmt":"2025-04-11T15:48:29","guid":{"rendered":"https:\/\/bambapolitica.com.mx\/?p=82648"},"modified":"2025-04-11T09:48:52","modified_gmt":"2025-04-11T15:48:52","slug":"hombres-asaltan-escuela-de-chimalhuacan-edomex","status":"publish","type":"post","link":"https:\/\/bambapolitica.com.mx\/index.php\/2025\/04\/11\/hombres-asaltan-escuela-de-chimalhuacan-edomex\/","title":{"rendered":"Hombres asaltan escuela de Chimalhuac\u00e1n, Edomex"},"content":{"rendered":"\n<p>11\/Abril\/2025<\/p>\n\n\n\n<p>Los individuos escaparon del lugar, pero ya hab\u00edan sido captados por las c\u00e1maras de seguridad de la instituci\u00f3n educativa.<\/p>\n\n\n\n<p>Dos hombres fueron acusados de&nbsp;asaltar&nbsp;el Centro de Capacitaci\u00f3n y Estudios Paulo Freire, ubicado en la colonia Santa Helena en Chimalhuac\u00e1n, Estado de M\u00e9xico.<\/p>\n\n\n\n<p>El periodista Carlos Jim\u00e9nez present\u00f3 el caso durante el programa C4 en Alerta, en el que\u00a0expuso que, presuntamente, los individuos hab\u00edan ingresado a las instalaciones para pedir informes; sin embargo, momentos despu\u00e9s amenazaron a los presentes usando armas de fuego.<br><\/p>\n\n\n\n<p>\u00bfQu\u00e9 se sabe sobre el caso?<br>La investigaci\u00f3n del periodista expuso que los dos c\u00f3mplices entraron a la escuela en b\u00fasqueda de pertenencias que sustraer.\u00a0<br><\/p>\n\n\n\n<p>En la grabaci\u00f3n realizada por la c\u00e1mara de seguridad del instituto puede verse que los individuos entran a la recepci\u00f3n del recinto; intercambian algunas palabras con la trabajadora, para despu\u00e9s, sacar sus pistolas y enca\u00f1onar a los presentes.<\/p>\n\n\n\n<p>Tambi\u00e9n se muestra que los presuntos asaltantes llevan a los individuos a la parte de adentro del centro educativo. R\u00e1pidamente, toman las pertenencias y huyen de la escuela.&nbsp;&nbsp;<\/p>\n\n\n\n<p>Otro asalto en Chimalhuac\u00e1n<br>El viernes 7 de marzo dos personas asaltaron una unidad de transporte p\u00fablico en el Barrio Plateros del municipio de Chimalhuac\u00e1n; dos personas resultaron lesionadas por heridas con arma de fuego.<\/p>\n\n\n\n<p>Los presuntos responsables&nbsp;abordaron una vagoneta&nbsp;que circulaba sobre la avenida de Las Torres con direcci\u00f3n al metro Pantitl\u00e1n, para despojar de sus pertenencias a los pasajeros.<\/p>\n\n\n\n<p>Los responsables aparentemente se hicieron pasar por usuarios del transporte, y en el trayecto amagaron con un arma a sus v\u00edctimas. Sin embargo, ante la resistencia de algunos, detonaron el arma de fuego e hirieron a dos personas.<br><\/p>\n\n\n\n<p><\/p>\n\n\n\n<p><\/p>\n","protected":false},"excerpt":{"rendered":"<p>11\/Abril\/2025 Los individuos escaparon del lugar, pero ya hab\u00edan sido captados por las c\u00e1maras de&#8230;<\/p>\n","protected":false},"author":3,"featured_media":82649,"comment_status":"closed","ping_status":"closed","sticky":false,"template":"","format":"standard","meta":{"footnotes":""},"categories":[4],"tags":[],"class_list":["post-82648","post","type-post","status-publish","format-standard","has-post-thumbnail","hentry","category-noticias-del-dia"],"_links":{"self":[{"href":"https:\/\/bambapolitica.com.mx\/index.php\/wp-json\/wp\/v2\/posts\/82648","targetHints":{"allow":["GET"]}}],"collection":[{"href":"https:\/\/bambapolitica.com.mx\/index.php\/wp-json\/wp\/v2\/posts"}],"about":[{"href":"https:\/\/bambapolitica.com.mx\/index.php\/wp-json\/wp\/v2\/types\/post"}],"author":[{"embeddable":true,"href":"https:\/\/bambapolitica.com.mx\/index.php\/wp-json\/wp\/v2\/users\/3"}],"replies":[{"embeddable":true,"href":"https:\/\/bambapolitica.com.mx\/index.php\/wp-json\/wp\/v2\/comments?post=82648"}],"version-history":[{"count":1,"href":"https:\/\/bambapolitica.com.mx\/index.php\/wp-json\/wp\/v2\/posts\/82648\/revisions"}],"predecessor-version":[{"id":82650,"href":"https:\/\/bambapolitica.com.mx\/index.php\/wp-json\/wp\/v2\/posts\/82648\/revisions\/82650"}],"wp:featuredmedia":[{"embeddable":true,"href":"https:\/\/bambapolitica.com.mx\/index.php\/wp-json\/wp\/v2\/media\/82649"}],"wp:attachment":[{"href":"https:\/\/bambapolitica.com.mx\/index.php\/wp-json\/wp\/v2\/media?parent=82648"}],"wp:term":[{"taxonomy":"category","embeddable":true,"href":"https:\/\/bambapolitica.com.mx\/index.php\/wp-json\/wp\/v2\/categories?post=82648"},{"taxonomy":"post_tag","embeddable":true,"href":"https:\/\/bambapolitica.com.mx\/index.php\/wp-json\/wp\/v2\/tags?post=82648"}],"curies":[{"name":"wp","href":"https:\/\/api.w.org\/{rel}","templated":true}]}}