{"id":82651,"date":"2025-04-11T09:55:10","date_gmt":"2025-04-11T15:55:10","guid":{"rendered":"https:\/\/bambapolitica.com.mx\/?p=82651"},"modified":"2025-04-11T09:55:17","modified_gmt":"2025-04-11T15:55:17","slug":"came-activara-contingencia-ambiental-hoy-11-de-abril-2025-asi-esta-la-calidad-del-aire-en-cdmx","status":"publish","type":"post","link":"https:\/\/bambapolitica.com.mx\/index.php\/2025\/04\/11\/came-activara-contingencia-ambiental-hoy-11-de-abril-2025-asi-esta-la-calidad-del-aire-en-cdmx\/","title":{"rendered":"\u00bfCAMe Activar\u00e1 Contingencia Ambiental Hoy 11 de Abril 2025? As\u00ed Est\u00e1 la Calidad del Aire en CDMX"},"content":{"rendered":"\n<p>11\/Abril\/2025<\/p>\n\n\n\n<p>Direcci\u00f3n de Monitoreo Atmosf\u00e9rico informa c\u00f3mo est\u00e1 la calidad del aire en la Ciudad de M\u00e9xico y el Estado de M\u00e9xico<\/p>\n\n\n\n<p>La\u00a0<strong>Direcci\u00f3n de Monitoreo Atmosf\u00e9rico<\/strong>\u00a0dio a conocer hoy, 11 de abril de 2025, c\u00f3mo se encuentra la\u00a0<strong>calidad del aire en la Zona Metropolitana del Valle de M\u00e9xico<\/strong>\u00a0(ZMVM), que comprende tanto la Ciudad de M\u00e9xico (<strong>CDMX<\/strong>) como algunos municipios del Estado de M\u00e9xico (<strong>Edomex<\/strong>).<\/p>\n\n\n\n<p>Y es que de marzo a junio, nuestro pa\u00eds registra la&nbsp;<strong>temporada de mayor concentraci\u00f3n de ozono&nbsp;<\/strong>del a\u00f1o, lo cual ya ha ocasionado que las autoridades activen la Fase 1 de Contingencia Ambiental Atmosf\u00e9rica.<\/p>\n\n\n\n<p>Debido a ello, en&nbsp;<strong>N+&nbsp;<\/strong>te informamos diariamente sobre la&nbsp;<strong>calidad del aire en el Valle de M\u00e9xico.<\/strong><\/p>\n\n\n\n<h2 class=\"wp-block-heading\">\u00cdndice de la calidad del aire<\/h2>\n\n\n\n<p>Para dar a conocer los par\u00e1metros, la dependencia se basa en el&nbsp;<strong>\u00edndice de la calidad del aire<\/strong>&nbsp;que consta de cinco niveles:<\/p>\n\n\n\n<ul class=\"wp-block-list\">\n<li><strong>Verde<\/strong>: calidad del aire buena y riesgo a la salud bajo<\/li>\n\n\n\n<li><strong>Amarillo<\/strong>: calidad del aire aceptable y riesgo a la salud moderado<\/li>\n\n\n\n<li><strong>Naranja<\/strong>: calidad del aire mala y riesgo a la salud alto<\/li>\n\n\n\n<li><strong>Rojo<\/strong>: calidad del aire muy mala y riesgo a la salud muy alto<\/li>\n\n\n\n<li><strong>P\u00farpura<\/strong>: calidad del aire extremadamente mala y riesgo a la salud extremadamente alto<\/li>\n<\/ul>\n\n\n\n<h2 class=\"wp-block-heading\">\u00bfC\u00f3mo est\u00e1 la calidad del aire hoy?<\/h2>\n\n\n\n<p>La Direcci\u00f3n de Monitoreo Atmosf\u00e9rico informa cada hora c\u00f3mo se encuentra la calidad del aire en la CDMX y el Estado de M\u00e9xico, por lo que a continuaci\u00f3n te presentamos la informaci\u00f3n correspondiente.<\/p>\n\n\n\n<h5 class=\"wp-block-heading\">Reporte de las 06:00 horas<\/h5>\n\n\n\n<p><strong>Calidad del aire mala (naranja):&nbsp;<\/strong><\/p>\n\n\n\n<ul class=\"wp-block-list\">\n<li><strong>Edomex<\/strong>: Coacalco, Tultepec, Nextlalpan y Tonanitla<\/li>\n<\/ul>\n\n\n\n<p><strong>Calidad del aire aceptable (amarillo):&nbsp;<\/strong><\/p>\n\n\n\n<ul class=\"wp-block-list\">\n<li><strong>CDMX<\/strong>: Cuauht\u00e9moc,\u00a0Venustiano Carranza e Iztapalapa<\/li>\n\n\n\n<li><strong>Edomex<\/strong>: Texcoco, Chicoloapan y La Paz<\/li>\n<\/ul>\n\n\n\n<p>En el resto de las alcald\u00edas y municipios mexiquenses se present\u00f3<strong>&nbsp;calidad del aire buena.<\/strong><\/p>\n\n\n\n<h5 class=\"wp-block-heading\">Reporte de las 08:00 horas<\/h5>\n\n\n\n<p><strong>Calidad del aire mala (naranja):&nbsp;<\/strong><\/p>\n\n\n\n<ul class=\"wp-block-list\">\n<li><strong>Edomex<\/strong>: Coacalco, Tultepec, Nextlalpan y Tonanitla<\/li>\n<\/ul>\n\n\n\n<p><strong>Calidad del aire aceptable (amarillo):&nbsp;<\/strong><\/p>\n\n\n\n<ul class=\"wp-block-list\">\n<li><strong>CDMX<\/strong>: Cuauht\u00e9moc,\u00a0Venustiano Carranza y Tl\u00e1huac<\/li>\n\n\n\n<li><strong>Edomex<\/strong>: Valle de Chalco, Chalco e Ixtapaluca<\/li>\n<\/ul>\n\n\n\n<h2 class=\"wp-block-heading\">\u00bfQu\u00e9 es el ozono?<\/h2>\n\n\n\n<p>De acuerdo con la dependencia, el&nbsp;<strong>ozono&nbsp;<\/strong>(Os) es una mol\u00e9cula compuesta por tres \u00e1tomos de ox\u00edgeno, y es un poderoso oxidante que reacciona r\u00e1pidamente con otros compuestos qu\u00edmicos y en<strong>&nbsp;altas temperaturas<\/strong>&nbsp;se vuelve inestable.<\/p>\n\n\n\n<p>Se forma durante complejas reacciones qu\u00edmicas en el ambiente, que involucran a los compuestos org\u00e1nicos de alta volatilidad (COV, son compuestos qu\u00edmicos) y los \u00f3xidos de nitr\u00f3geno.<\/p>\n\n\n\n<ul class=\"wp-block-list\">\n<li>Las m\u00e1ximas concentraciones se presentan cuando hay intensa\u00a0<strong>radiaci\u00f3n solar q<\/strong>ue favorece su formaci\u00f3n y poca ventilaci\u00f3n que acumula el\u00a0<strong>contaminante\u00a0<\/strong>en la ciudad.<\/li>\n<\/ul>\n","protected":false},"excerpt":{"rendered":"<p>11\/Abril\/2025 Direcci\u00f3n de Monitoreo Atmosf\u00e9rico informa c\u00f3mo est\u00e1 la calidad del aire en la Ciudad&#8230;<\/p>\n","protected":false},"author":3,"featured_media":82652,"comment_status":"closed","ping_status":"closed","sticky":false,"template":"","format":"standard","meta":{"footnotes":""},"categories":[4],"tags":[],"class_list":["post-82651","post","type-post","status-publish","format-standard","has-post-thumbnail","hentry","category-noticias-del-dia"],"_links":{"self":[{"href":"https:\/\/bambapolitica.com.mx\/index.php\/wp-json\/wp\/v2\/posts\/82651","targetHints":{"allow":["GET"]}}],"collection":[{"href":"https:\/\/bambapolitica.com.mx\/index.php\/wp-json\/wp\/v2\/posts"}],"about":[{"href":"https:\/\/bambapolitica.com.mx\/index.php\/wp-json\/wp\/v2\/types\/post"}],"author":[{"embeddable":true,"href":"https:\/\/bambapolitica.com.mx\/index.php\/wp-json\/wp\/v2\/users\/3"}],"replies":[{"embeddable":true,"href":"https:\/\/bambapolitica.com.mx\/index.php\/wp-json\/wp\/v2\/comments?post=82651"}],"version-history":[{"count":1,"href":"https:\/\/bambapolitica.com.mx\/index.php\/wp-json\/wp\/v2\/posts\/82651\/revisions"}],"predecessor-version":[{"id":82653,"href":"https:\/\/bambapolitica.com.mx\/index.php\/wp-json\/wp\/v2\/posts\/82651\/revisions\/82653"}],"wp:featuredmedia":[{"embeddable":true,"href":"https:\/\/bambapolitica.com.mx\/index.php\/wp-json\/wp\/v2\/media\/82652"}],"wp:attachment":[{"href":"https:\/\/bambapolitica.com.mx\/index.php\/wp-json\/wp\/v2\/media?parent=82651"}],"wp:term":[{"taxonomy":"category","embeddable":true,"href":"https:\/\/bambapolitica.com.mx\/index.php\/wp-json\/wp\/v2\/categories?post=82651"},{"taxonomy":"post_tag","embeddable":true,"href":"https:\/\/bambapolitica.com.mx\/index.php\/wp-json\/wp\/v2\/tags?post=82651"}],"curies":[{"name":"wp","href":"https:\/\/api.w.org\/{rel}","templated":true}]}}