{"id":82718,"date":"2025-04-16T09:17:44","date_gmt":"2025-04-16T15:17:44","guid":{"rendered":"https:\/\/bambapolitica.com.mx\/?p=82718"},"modified":"2025-04-16T09:17:48","modified_gmt":"2025-04-16T15:17:48","slug":"toman-protesta-750-nuevas-autoridades-auxiliares-en-la-paz-alcaldesa-martha-guerrero","status":"publish","type":"post","link":"https:\/\/bambapolitica.com.mx\/index.php\/2025\/04\/16\/toman-protesta-750-nuevas-autoridades-auxiliares-en-la-paz-alcaldesa-martha-guerrero\/","title":{"rendered":"Toman Protesta 750 Nuevas Autoridades Auxiliares en La Paz: Alcaldesa Martha Guerrero"},"content":{"rendered":"\n<p>16\/Abril\/2025<\/p>\n\n\n\n<p>Entregan nombramientos a m\u00e1s de 750 Delegados, Subdelegados y COPACIS del municipio.<\/p>\n\n\n\n<p>El Gobierno Municipal ofrece a los nuevos representantes vecinales respeto, di\u00e1logo y colaboraci\u00f3n bajo los t\u00e9rminos que establece la Ley<\/p>\n\n\n\n<p>La Paz, Edomex., 15 de abril de 2025.- Un total de 750 delegados, subdelegados y Consejos de Participaci\u00f3n Ciudadana (COPACIS) este 15 de abril tomaron protesta, luego de la elecci\u00f3n del pasado 30 de marzo; en una jornada hist\u00f3rica donde 69 comunidades participaron para elegir a sus autoridades auxiliares. En el evento que fue presidido por la presidenta, Martha Guerrero S\u00e1nchez destac\u00f3 el entusiasmo por cerrar filas hacia un mejor municipio.<br>La alcaldesa, dijo que para el gobierno y ahora las nuevas autoridades auxiliares, deber\u00e1n estar unidos, debido a que el municipio tiene un rezago de m\u00e1s de 40 a\u00f1os y la tarea no ser\u00e1 f\u00e1cil para ninguno.<br>Hay deudas impagables, de ahora en adelante hay que caminar juntos, &#8220;a las personas no les interesa los colores, ni los partidos, ellos quieren resultados con los problemas del agua potable, drenaje, electricidad, pavimentaci\u00f3n, seguridad, etc&#8221;.<br>Los delegados y COPACIS no deben ver su espacio como una forma de negocio, tienen mucha responsabilidad en sus comunidades y ya es tiempo de trabajar en bien de la poblaci\u00f3n.<br>&#8220;No todo est\u00e1 bien en La Paz, ahora los delegados y COPACIS deber\u00e1n trabajar en Coordinaci\u00f3n con el Gobierno, hemos tenido marchas, plantones y m\u00e1s; es un gobierno de puertas abiertas&#8221;, destac\u00f3.<\/p>\n\n\n\n<p>Poco despu\u00e9s de los primeros 100 d\u00edas de gobierno, se da el cambio de Autoridades Auxiliares las cuales fueron electas por la comunidad y, ahora los exhort\u00f3 a laborar bajo el lema a &#8220;Servir con amor y Trabajo&#8221;, a quienes resultaron ganadores.<\/p>\n\n\n\n<p>Por su parte, la presidenta de la Comisi\u00f3n Edilicia para la Transici\u00f3n y Renovaci\u00f3n de las Autoridades Auxiliares, la Primera Regidora, Mar\u00eda Isabel Rodr\u00edguez Robles, indic\u00f3 que ninguna impugnaci\u00f3n qued\u00f3 por resolver, todo qued\u00f3 en orden y en paz.<\/p>\n","protected":false},"excerpt":{"rendered":"<p>16\/Abril\/2025 Entregan nombramientos a m\u00e1s de 750 Delegados, Subdelegados y COPACIS del municipio. El Gobierno&#8230;<\/p>\n","protected":false},"author":3,"featured_media":82719,"comment_status":"closed","ping_status":"closed","sticky":false,"template":"","format":"standard","meta":{"footnotes":""},"categories":[4],"tags":[],"class_list":["post-82718","post","type-post","status-publish","format-standard","has-post-thumbnail","hentry","category-noticias-del-dia"],"_links":{"self":[{"href":"https:\/\/bambapolitica.com.mx\/index.php\/wp-json\/wp\/v2\/posts\/82718","targetHints":{"allow":["GET"]}}],"collection":[{"href":"https:\/\/bambapolitica.com.mx\/index.php\/wp-json\/wp\/v2\/posts"}],"about":[{"href":"https:\/\/bambapolitica.com.mx\/index.php\/wp-json\/wp\/v2\/types\/post"}],"author":[{"embeddable":true,"href":"https:\/\/bambapolitica.com.mx\/index.php\/wp-json\/wp\/v2\/users\/3"}],"replies":[{"embeddable":true,"href":"https:\/\/bambapolitica.com.mx\/index.php\/wp-json\/wp\/v2\/comments?post=82718"}],"version-history":[{"count":1,"href":"https:\/\/bambapolitica.com.mx\/index.php\/wp-json\/wp\/v2\/posts\/82718\/revisions"}],"predecessor-version":[{"id":82720,"href":"https:\/\/bambapolitica.com.mx\/index.php\/wp-json\/wp\/v2\/posts\/82718\/revisions\/82720"}],"wp:featuredmedia":[{"embeddable":true,"href":"https:\/\/bambapolitica.com.mx\/index.php\/wp-json\/wp\/v2\/media\/82719"}],"wp:attachment":[{"href":"https:\/\/bambapolitica.com.mx\/index.php\/wp-json\/wp\/v2\/media?parent=82718"}],"wp:term":[{"taxonomy":"category","embeddable":true,"href":"https:\/\/bambapolitica.com.mx\/index.php\/wp-json\/wp\/v2\/categories?post=82718"},{"taxonomy":"post_tag","embeddable":true,"href":"https:\/\/bambapolitica.com.mx\/index.php\/wp-json\/wp\/v2\/tags?post=82718"}],"curies":[{"name":"wp","href":"https:\/\/api.w.org\/{rel}","templated":true}]}}