{"id":82721,"date":"2025-04-16T09:19:13","date_gmt":"2025-04-16T15:19:13","guid":{"rendered":"https:\/\/bambapolitica.com.mx\/?p=82721"},"modified":"2025-04-16T09:19:17","modified_gmt":"2025-04-16T15:19:17","slug":"estado-de-mexico-castigara-hasta-con-10-anos-de-carcel-a-quien-provoque-incendios-forestares","status":"publish","type":"post","link":"https:\/\/bambapolitica.com.mx\/index.php\/2025\/04\/16\/estado-de-mexico-castigara-hasta-con-10-anos-de-carcel-a-quien-provoque-incendios-forestares\/","title":{"rendered":"Estado de M\u00e9xico castigar\u00e1 hasta con 10 a\u00f1os de c\u00e1rcel a quien provoque incendios forestares"},"content":{"rendered":"\n<p>16\/Abril\/2025<\/p>\n\n\n\n<p>De acuerdo con el C\u00f3digo Penal Federal este delito se sanciona con una pena de dos a 10 a\u00f1os de c\u00e1rcel; y una penalizaci\u00f3n adicional en caso de tratarse de zona natural protegida.<\/p>\n\n\n\n<p>TOLUCA, Estado de M\u00e9xico. \u2013 En el Estado de M\u00e9xico se impondr\u00e1 una pena de dos a 10 a\u00f1os de prisi\u00f3n a quien provoque un incendio en un bosque, selva, vegetaci\u00f3n natural o terrenos forestales; as\u00ed como una sanci\u00f3n adicional hasta de dos a\u00f1os de c\u00e1rcel por afectaci\u00f3n en un \u00e1rea natural protegida, de acuerdo con el C\u00f3digo Penal Federal.<\/p>\n\n\n\n<p>Para el Gobierno de la Maestra Delfina G\u00f3mez \u00c1lvarez la protecci\u00f3n de los recursos naturales, bosques y la seguridad de las familias mexiquenses es una prioridad, por ello, se castigar\u00e1 hasta con 10 a\u00f1os de c\u00e1rcel a qui\u00e9n provoque un incendio forestal.<\/p>\n\n\n\n<p>De acuerdo con la autoridad judicial, de marzo de 2024 a enero de 2025, se detuvieron a 12 personas por su presunta participaci\u00f3n en incendios provocados en los municipios de Tlalnepantla, Naucalpan, Temascalcingo, Ocoyoacac, Temamatla, Valle de Bravo, Tec\u00e1mac, Nopaltepec, Tenancingo, Nezahualc\u00f3yotl y Hueypoxtla.<\/p>\n\n\n\n<p>A fin de mitigar la incidencia de incendios forestales, el Gobierno del Estado de M\u00e9xico implement\u00f3 la estrategia \u201cPrevenir es mejor que combatir\u201d, a trav\u00e9s de la cual se ha logrado una reducci\u00f3n del 45 por ciento de incendios forestales.<\/p>\n\n\n\n<p>En este sentido, la Protectora de Bosques del Estado de M\u00e9xico (Probosque), organismo adscrito a la Secretar\u00eda del Campo, report\u00f3 que del 01 de enero al 13 de abril de 2025, se han registrado 448 incendios forestales, mientras que en el mismo periodo en 2024 se contabilizaron 698, es decir, 36 por ciento menos.<\/p>\n\n\n\n<p>Asimismo se registr\u00f3 una disminuci\u00f3n del 68.2 por ciento en el n\u00famero de hect\u00e1reas afectadas a causa de incendios forestales; en 2024 se documentaron 18 mil 182 hect\u00e1reas, mientras que en 2025 se reportan cinco mil 939 hect\u00e1reas.<\/p>\n\n\n\n<p>Para seguir con estas cifras a la baja, el Gobierno del Estado de M\u00e9xico exhorta a la poblaci\u00f3n a denunciar cualquier tipo de da\u00f1o ambiental ante la Procuradur\u00eda de Protecci\u00f3n al Ambiente del Estado de M\u00e9xico (PROPAEM), a los tel\u00e9fonos 72 22 13 54 56, Ext. 106, en el Valle de Toluca.<\/p>\n\n\n\n<p>As\u00ed como alertar de incendios forestales al Tel\u00e9fono de Emergencia 911 y el Tel\u00e9fono Rojo de Probosque 800 590 17 00 que funciona las 24 horas, los 365 d\u00edas del a\u00f1o. Adem\u00e1s de realizar la denuncia directamente ante la Fiscal\u00eda General de Justicia del Estado de M\u00e9xico (FGJEM).<\/p>\n","protected":false},"excerpt":{"rendered":"<p>16\/Abril\/2025 De acuerdo con el C\u00f3digo Penal Federal este delito se sanciona con una pena&#8230;<\/p>\n","protected":false},"author":3,"featured_media":82722,"comment_status":"closed","ping_status":"closed","sticky":false,"template":"","format":"standard","meta":{"footnotes":""},"categories":[4],"tags":[],"class_list":["post-82721","post","type-post","status-publish","format-standard","has-post-thumbnail","hentry","category-noticias-del-dia"],"_links":{"self":[{"href":"https:\/\/bambapolitica.com.mx\/index.php\/wp-json\/wp\/v2\/posts\/82721","targetHints":{"allow":["GET"]}}],"collection":[{"href":"https:\/\/bambapolitica.com.mx\/index.php\/wp-json\/wp\/v2\/posts"}],"about":[{"href":"https:\/\/bambapolitica.com.mx\/index.php\/wp-json\/wp\/v2\/types\/post"}],"author":[{"embeddable":true,"href":"https:\/\/bambapolitica.com.mx\/index.php\/wp-json\/wp\/v2\/users\/3"}],"replies":[{"embeddable":true,"href":"https:\/\/bambapolitica.com.mx\/index.php\/wp-json\/wp\/v2\/comments?post=82721"}],"version-history":[{"count":1,"href":"https:\/\/bambapolitica.com.mx\/index.php\/wp-json\/wp\/v2\/posts\/82721\/revisions"}],"predecessor-version":[{"id":82723,"href":"https:\/\/bambapolitica.com.mx\/index.php\/wp-json\/wp\/v2\/posts\/82721\/revisions\/82723"}],"wp:featuredmedia":[{"embeddable":true,"href":"https:\/\/bambapolitica.com.mx\/index.php\/wp-json\/wp\/v2\/media\/82722"}],"wp:attachment":[{"href":"https:\/\/bambapolitica.com.mx\/index.php\/wp-json\/wp\/v2\/media?parent=82721"}],"wp:term":[{"taxonomy":"category","embeddable":true,"href":"https:\/\/bambapolitica.com.mx\/index.php\/wp-json\/wp\/v2\/categories?post=82721"},{"taxonomy":"post_tag","embeddable":true,"href":"https:\/\/bambapolitica.com.mx\/index.php\/wp-json\/wp\/v2\/tags?post=82721"}],"curies":[{"name":"wp","href":"https:\/\/api.w.org\/{rel}","templated":true}]}}